{"id":10310,"date":"2024-01-10T08:30:00","date_gmt":"2024-01-10T07:30:00","guid":{"rendered":"https:\/\/vps181.cesvima.upm.es\/re-hab\/?p=10310"},"modified":"2026-02-10T11:02:27","modified_gmt":"2026-02-10T10:02:27","slug":"seminario-urb_int-crisis-y-transicion-ecosocial-posibilidades-y-limitaciones-en-la-ciudad-y-el-territorio","status":"publish","type":"post","link":"https:\/\/vps181.cesvima.upm.es\/re-hab\/2024\/01\/10\/seminario-urb_int-crisis-y-transicion-ecosocial-posibilidades-y-limitaciones-en-la-ciudad-y-el-territorio\/","title":{"rendered":"Seminario [URB_inT] | Crisis y transici\u00f3n ecosocial: posibilidades y limitaciones en la ciudad y el territorio"},"content":{"rendered":"\n<p>Seguimos avanzando en el proyecto<strong> <em>[URB_inT] Estrategias para la transici\u00f3n ecosocial de las grandes \u00e1reas urbanas espa\u00f1olas en un escenario de crisis clim\u00e1tica y escasez de recursos<\/em><\/strong> (PID2021-126190OB-I00), enmarcado en el Plan Estatal de Investigaci\u00f3n Cient\u00edfica y T\u00e9cnica y de Innovaci\u00f3n 2021-2023. Tras unos meses de trabajo en las diferentes l\u00edneas tenemos el placer de invitaros al siguiente Seminario de Investigaci\u00f3n [URB_inT], que tendr\u00e1 lugar el pr\u00f3ximo <strong>lunes 15 de enero a las 09:30h<\/strong> en la Sala de Grados B de la Escuela T\u00e9cnica Superior de Arquitectura de Madrid (UPM). Se podr\u00e1 seguir tambi\u00e9n a trav\u00e9s de la retransmisi\u00f3n <a href=\"https:\/\/www.youtube.com\/ETSAMtv\/live\" target=\"_blank\" rel=\"noopener\" title=\"\">en este enlace<\/a>.<\/p>\n\n\n\n<p>Como ya os contamos el a\u00f1o pasado <a href=\"https:\/\/vps181.cesvima.upm.es\/re-hab\/2022\/12\/21\/arrancamos-el-proyecto-urb_int-estrategias-para-la-transicion-ecosocial-de-las-grandes-areas-urbanas-espanolas-en-un-escenario-de-crisis-climatica-y-escasez-de-recursos\/\" target=\"_blank\" rel=\"noopener\" title=\" en esta entrada\">en esta entrada<\/a>, el proyecto [URB_inT] se centra en el estudio del impacto de la crisis clim\u00e1tica y de recursos en las grandes \u00e1reas urbanas espa\u00f1olas, tomando el \u00e1rea urbana de Madrid como caso de estudio. Para ello, el proyecto se organiza en torno a tres recursos b\u00e1sicos, que conforman tres ejes de an\u00e1lisis: <em>Energ\u00eda<\/em>, <em>Alimentaci\u00f3n<\/em> y <em>Vivienda y Ciudad<\/em>. <\/p>\n\n\n\n<p>De esta manera, este seminario se presenta como un espacio de encuentro y colectivizaci\u00f3n  de la investigaci\u00f3n que se est\u00e1 desarrollando con otros agentes sociales, acad\u00e9micos e institucionales. As\u00ed, este seminario titulado <strong><em>Crisis y transici\u00f3n ecosocial: posibilidades y limitaciones en la ciudad y el territorio <\/em><\/strong>contar\u00e1 con tres mesas tem\u00e1ticas, una por cada l\u00ednea de investigaci\u00f3n del proyecto. <\/p>\n\n\n\n<figure class=\"wp-block-image size-large\"><img data-recalc-dims=\"1\" loading=\"lazy\" decoding=\"async\" width=\"724\" height=\"1024\" data-attachment-id=\"11503\" data-permalink=\"https:\/\/vps181.cesvima.upm.es\/re-hab\/2024\/01\/10\/seminario-urb_int-crisis-y-transicion-ecosocial-posibilidades-y-limitaciones-en-la-ciudad-y-el-territorio\/seminarios_urb_int_jpg_z_\/\" data-orig-file=\"https:\/\/i0.wp.com\/vps181.cesvima.upm.es\/re-hab\/wp-content\/uploads\/sites\/6\/2024\/01\/Seminarios_URB_inT_JPG_z_.jpg?fit=1240%2C1754&amp;ssl=1\" data-orig-size=\"1240,1754\" data-comments-opened=\"1\" data-image-meta=\"{&quot;aperture&quot;:&quot;0&quot;,&quot;credit&quot;:&quot;&quot;,&quot;camera&quot;:&quot;&quot;,&quot;caption&quot;:&quot;&quot;,&quot;created_timestamp&quot;:&quot;0&quot;,&quot;copyright&quot;:&quot;&quot;,&quot;focal_length&quot;:&quot;0&quot;,&quot;iso&quot;:&quot;0&quot;,&quot;shutter_speed&quot;:&quot;0&quot;,&quot;title&quot;:&quot;&quot;,&quot;orientation&quot;:&quot;0&quot;}\" data-image-title=\"Seminarios_URB_inT_JPG_z_\" data-image-description=\"\" data-image-caption=\"\" data-large-file=\"https:\/\/i0.wp.com\/vps181.cesvima.upm.es\/re-hab\/wp-content\/uploads\/sites\/6\/2024\/01\/Seminarios_URB_inT_JPG_z_.jpg?fit=724%2C1024&amp;ssl=1\" src=\"https:\/\/i0.wp.com\/vps181.cesvima.upm.es\/re-hab\/wp-content\/uploads\/sites\/6\/2024\/01\/Seminarios_URB_inT_JPG_z_.jpg?resize=724%2C1024&#038;ssl=1\" alt=\"\" class=\"wp-image-11503\" srcset=\"https:\/\/i0.wp.com\/vps181.cesvima.upm.es\/re-hab\/wp-content\/uploads\/sites\/6\/2024\/01\/Seminarios_URB_inT_JPG_z_.jpg?resize=724%2C1024&amp;ssl=1 724w, https:\/\/i0.wp.com\/vps181.cesvima.upm.es\/re-hab\/wp-content\/uploads\/sites\/6\/2024\/01\/Seminarios_URB_inT_JPG_z_.jpg?resize=212%2C300&amp;ssl=1 212w, https:\/\/i0.wp.com\/vps181.cesvima.upm.es\/re-hab\/wp-content\/uploads\/sites\/6\/2024\/01\/Seminarios_URB_inT_JPG_z_.jpg?resize=768%2C1086&amp;ssl=1 768w, https:\/\/i0.wp.com\/vps181.cesvima.upm.es\/re-hab\/wp-content\/uploads\/sites\/6\/2024\/01\/Seminarios_URB_inT_JPG_z_.jpg?resize=1086%2C1536&amp;ssl=1 1086w, https:\/\/i0.wp.com\/vps181.cesvima.upm.es\/re-hab\/wp-content\/uploads\/sites\/6\/2024\/01\/Seminarios_URB_inT_JPG_z_.jpg?resize=560%2C792&amp;ssl=1 560w, https:\/\/i0.wp.com\/vps181.cesvima.upm.es\/re-hab\/wp-content\/uploads\/sites\/6\/2024\/01\/Seminarios_URB_inT_JPG_z_.jpg?w=1240&amp;ssl=1 1240w\" sizes=\"auto, (max-width: 724px) 100vw, 724px\" \/><\/figure>\n\n\n\n<p>El seminario ser\u00e1 un evento abierto al p\u00fablico y tendr\u00e1 lugar entre las 9:30 y las 18:00h. A continuaci\u00f3n tendr\u00e1n lugar tres mesas tem\u00e1ticas, una por cada eje de trabajo del proyecto. En cada uno de los ejes contaremos con una puesta en com\u00fan de los resultados de nuestra investigaci\u00f3n por parte de miembros de nuestro equipo, seguida de la participaci\u00f3n de diferentes ponentes invitados, combinando perfiles m\u00e1s t\u00e9cnicos o acad\u00e9micos, otros m\u00e1s ligados a los movimientos sociales y a las organizaciones de base y otros m\u00e1s vinculados a la administraci\u00f3n p\u00fablica y la experiencia institucional.<\/p>\n\n\n\n<p><strong><em>Mesa 01: eje de Vivienda y Ciudad |  <\/em><\/strong><em>Mercado inmobiliario, planeamiento urban\u00edstico y equipamientos p\u00fablicos ante la crisis ecosocial<\/em> (9:30 &#8211; 12:00h)<\/p>\n\n\n\n<p>Se abrir\u00e1 la mesa presentando las l\u00edneas de investigaci\u00f3n en este eje con representantes de los tres subgrupos de trabajo:<\/p>\n\n\n\n<ul class=\"wp-block-list\">\n<li>Subbgrupo de <em>Vivienda<\/em>: <strong>Raquel Rodr\u00edguez Alonso<\/strong>, profesora asociada del Departamento de Urban\u00edstica y Ordenaci\u00f3n del Territorio de la Universidad Polit\u00e9cnica de Madrid.<\/li>\n\n\n\n<li>Subgrupo de <em>Planeamiento<\/em>: <strong>Federico Camer\u00edn<\/strong>, investigador Margarita Salas de la Universidad de Valladolid.<\/li>\n\n\n\n<li>Subgrupo de <em>Ciudad<\/em>: <strong>\u00c1lvaro D. Rodr\u00edguez Escudero,<\/strong> investigador Margarita Salas de la Universidad Aut\u00f3noma de Madrid.<\/li>\n<\/ul>\n\n\n\n<p>A continuaci\u00f3n tendremos la intervenci\u00f3n de <strong>Laura Barrio<\/strong>, portavoz de la <a href=\"https:\/\/coordinadoraviviendamadrid.com\/\" target=\"_blank\" rel=\"noopener\" title=\"\">Coordinadora de Vivienda de Madrid<\/a>, aportando una visi\u00f3n cr\u00edtica desde los movimientos sociales y las organizaciones de base.<\/p>\n\n\n\n<p>Desde una visi\u00f3n proveniente de las administraciones p\u00fablicas y la acci\u00f3n institucional tendremos a <strong>Juan Carlos Delasheras Merino<\/strong>, con su experiencia profesional desde el Ayuntamiento de Madrid.<\/p>\n\n\n\n<p>Este bloque se cerrar\u00e1 con una mesa redonda moderada por<strong> Cristina Fern\u00e1ndez Ram\u00edrez<\/strong>, profesora asociada del Departamento de Urban\u00edstica y Ordenaci\u00f3n del Territorio de la Universidad Polit\u00e9cnica de Madrid.<\/p>\n\n\n\n<figure class=\"wp-block-image size-large\"><img data-recalc-dims=\"1\" loading=\"lazy\" decoding=\"async\" width=\"724\" height=\"1024\" data-attachment-id=\"11504\" data-permalink=\"https:\/\/vps181.cesvima.upm.es\/re-hab\/2024\/01\/10\/seminario-urb_int-crisis-y-transicion-ecosocial-posibilidades-y-limitaciones-en-la-ciudad-y-el-territorio\/seminarios_urb_int_jpg_z_2\/\" data-orig-file=\"https:\/\/i0.wp.com\/vps181.cesvima.upm.es\/re-hab\/wp-content\/uploads\/sites\/6\/2024\/01\/Seminarios_URB_inT_JPG_z_2.jpg?fit=1240%2C1754&amp;ssl=1\" data-orig-size=\"1240,1754\" data-comments-opened=\"1\" data-image-meta=\"{&quot;aperture&quot;:&quot;0&quot;,&quot;credit&quot;:&quot;&quot;,&quot;camera&quot;:&quot;&quot;,&quot;caption&quot;:&quot;&quot;,&quot;created_timestamp&quot;:&quot;0&quot;,&quot;copyright&quot;:&quot;&quot;,&quot;focal_length&quot;:&quot;0&quot;,&quot;iso&quot;:&quot;0&quot;,&quot;shutter_speed&quot;:&quot;0&quot;,&quot;title&quot;:&quot;&quot;,&quot;orientation&quot;:&quot;0&quot;}\" data-image-title=\"Seminarios_URB_inT_JPG_z_2\" data-image-description=\"\" data-image-caption=\"\" data-large-file=\"https:\/\/i0.wp.com\/vps181.cesvima.upm.es\/re-hab\/wp-content\/uploads\/sites\/6\/2024\/01\/Seminarios_URB_inT_JPG_z_2.jpg?fit=724%2C1024&amp;ssl=1\" src=\"https:\/\/i0.wp.com\/vps181.cesvima.upm.es\/re-hab\/wp-content\/uploads\/sites\/6\/2024\/01\/Seminarios_URB_inT_JPG_z_2.jpg?resize=724%2C1024&#038;ssl=1\" alt=\"\" class=\"wp-image-11504\" srcset=\"https:\/\/i0.wp.com\/vps181.cesvima.upm.es\/re-hab\/wp-content\/uploads\/sites\/6\/2024\/01\/Seminarios_URB_inT_JPG_z_2.jpg?resize=724%2C1024&amp;ssl=1 724w, https:\/\/i0.wp.com\/vps181.cesvima.upm.es\/re-hab\/wp-content\/uploads\/sites\/6\/2024\/01\/Seminarios_URB_inT_JPG_z_2.jpg?resize=212%2C300&amp;ssl=1 212w, https:\/\/i0.wp.com\/vps181.cesvima.upm.es\/re-hab\/wp-content\/uploads\/sites\/6\/2024\/01\/Seminarios_URB_inT_JPG_z_2.jpg?resize=768%2C1086&amp;ssl=1 768w, https:\/\/i0.wp.com\/vps181.cesvima.upm.es\/re-hab\/wp-content\/uploads\/sites\/6\/2024\/01\/Seminarios_URB_inT_JPG_z_2.jpg?resize=1086%2C1536&amp;ssl=1 1086w, https:\/\/i0.wp.com\/vps181.cesvima.upm.es\/re-hab\/wp-content\/uploads\/sites\/6\/2024\/01\/Seminarios_URB_inT_JPG_z_2.jpg?resize=560%2C792&amp;ssl=1 560w, https:\/\/i0.wp.com\/vps181.cesvima.upm.es\/re-hab\/wp-content\/uploads\/sites\/6\/2024\/01\/Seminarios_URB_inT_JPG_z_2.jpg?w=1240&amp;ssl=1 1240w\" sizes=\"auto, (max-width: 724px) 100vw, 724px\" \/><\/figure>\n\n\n\n<p><strong><em>Mesa 02: eje de Energ\u00eda<\/em><\/strong> | <em>Posibilidades y limitaciones ante la producci\u00f3n energ\u00e9tica fotovoltaica<br>y los nuevos modelos de consumo y distribuci\u00f3n de la energ\u00eda<\/em> (12:30 &#8211; 14:30h)<\/p>\n\n\n\n<p>En primer lugar,<strong> Ibai de Juan Ayuso<\/strong>, ge\u00f3grafo y ambient\u00f3logo por la UAM y M\u00e1ster en Planeamiento Urbano y Territorial por la UPM pondr\u00e1 en com\u00fan las l\u00edneas de trabajo del eje de Energ\u00eda, centradas en el estudio de la capacidad productiva fotovoltaica y de la demanda energ\u00e9tica de la Comunidad de Madrid.<\/p>\n\n\n\n<p>Como perfil t\u00e9cnico contaremos con <strong>H\u00e9ctor de Lama Guti\u00e9rrez<\/strong>, director t\u00e9cnico en la <a href=\"https:\/\/www.unef.es\/\" target=\"_blank\" rel=\"noopener\" title=\"\">Uni\u00f3n Espa\u00f1ola Fotovoltaica<\/a>, aportando su experiencia profesional en los procesos de implantaci\u00f3n de la producci\u00f3n de energ\u00eda fotovoltaica,<\/p>\n\n\n\n<p>Con un perfil m\u00e1s vinculado a las organizaciones de base, tendremos la representaci\u00f3n del grupo local de Madrid de <strong>Som Energia<\/strong>, <a href=\"https:\/\/www.somenergia.coop\/es\/\" target=\"_blank\" rel=\"noopener\" title=\"\">cooperativa el\u00e9ctrica<\/a> pionera en nuevos modelos de producci\u00f3n, comercializaci\u00f3n y distribuci\u00f3n de la energ\u00eda el\u00e9ctrica<em> (participaci\u00f3n por confirmar)<\/em>.<\/p>\n\n\n\n<p>Este bloque se cerrar\u00e1 con una mesa redonda moderada por<strong> Carmen S\u00e1nchez-Guevara<\/strong>, Profesora Contratada Doctora del Departamento de Construcci\u00f3n y Tecnolog\u00eda Arquitect\u00f3nicas de la Universidad Polit\u00e9cnica de Madrid.<\/p>\n\n\n\n<figure class=\"wp-block-image size-large\"><img data-recalc-dims=\"1\" loading=\"lazy\" decoding=\"async\" width=\"724\" height=\"1024\" data-attachment-id=\"11505\" data-permalink=\"https:\/\/vps181.cesvima.upm.es\/re-hab\/2024\/01\/10\/seminario-urb_int-crisis-y-transicion-ecosocial-posibilidades-y-limitaciones-en-la-ciudad-y-el-territorio\/seminarios_urb_int_jpg_z_3\/\" data-orig-file=\"https:\/\/i0.wp.com\/vps181.cesvima.upm.es\/re-hab\/wp-content\/uploads\/sites\/6\/2024\/01\/Seminarios_URB_inT_JPG_z_3.jpg?fit=1240%2C1754&amp;ssl=1\" data-orig-size=\"1240,1754\" data-comments-opened=\"1\" data-image-meta=\"{&quot;aperture&quot;:&quot;0&quot;,&quot;credit&quot;:&quot;&quot;,&quot;camera&quot;:&quot;&quot;,&quot;caption&quot;:&quot;&quot;,&quot;created_timestamp&quot;:&quot;0&quot;,&quot;copyright&quot;:&quot;&quot;,&quot;focal_length&quot;:&quot;0&quot;,&quot;iso&quot;:&quot;0&quot;,&quot;shutter_speed&quot;:&quot;0&quot;,&quot;title&quot;:&quot;&quot;,&quot;orientation&quot;:&quot;0&quot;}\" data-image-title=\"Seminarios_URB_inT_JPG_z_3\" data-image-description=\"\" data-image-caption=\"\" data-large-file=\"https:\/\/i0.wp.com\/vps181.cesvima.upm.es\/re-hab\/wp-content\/uploads\/sites\/6\/2024\/01\/Seminarios_URB_inT_JPG_z_3.jpg?fit=724%2C1024&amp;ssl=1\" src=\"https:\/\/i0.wp.com\/vps181.cesvima.upm.es\/re-hab\/wp-content\/uploads\/sites\/6\/2024\/01\/Seminarios_URB_inT_JPG_z_3.jpg?resize=724%2C1024&#038;ssl=1\" alt=\"\" class=\"wp-image-11505\" srcset=\"https:\/\/i0.wp.com\/vps181.cesvima.upm.es\/re-hab\/wp-content\/uploads\/sites\/6\/2024\/01\/Seminarios_URB_inT_JPG_z_3.jpg?resize=724%2C1024&amp;ssl=1 724w, https:\/\/i0.wp.com\/vps181.cesvima.upm.es\/re-hab\/wp-content\/uploads\/sites\/6\/2024\/01\/Seminarios_URB_inT_JPG_z_3.jpg?resize=212%2C300&amp;ssl=1 212w, https:\/\/i0.wp.com\/vps181.cesvima.upm.es\/re-hab\/wp-content\/uploads\/sites\/6\/2024\/01\/Seminarios_URB_inT_JPG_z_3.jpg?resize=768%2C1086&amp;ssl=1 768w, https:\/\/i0.wp.com\/vps181.cesvima.upm.es\/re-hab\/wp-content\/uploads\/sites\/6\/2024\/01\/Seminarios_URB_inT_JPG_z_3.jpg?resize=1086%2C1536&amp;ssl=1 1086w, https:\/\/i0.wp.com\/vps181.cesvima.upm.es\/re-hab\/wp-content\/uploads\/sites\/6\/2024\/01\/Seminarios_URB_inT_JPG_z_3.jpg?resize=560%2C792&amp;ssl=1 560w, https:\/\/i0.wp.com\/vps181.cesvima.upm.es\/re-hab\/wp-content\/uploads\/sites\/6\/2024\/01\/Seminarios_URB_inT_JPG_z_3.jpg?w=1240&amp;ssl=1 1240w\" sizes=\"auto, (max-width: 724px) 100vw, 724px\" \/><\/figure>\n\n\n\n<p><strong><em>Mesa 03: eje de Alimentaci\u00f3n<\/em><\/strong> | <em> Sistemas agroalimentarios y planeamiento urbano-territorial: entre la protecci\u00f3n y la amenaza<\/em> (16:00 &#8211; 18:00h)<\/p>\n\n\n\n<p>Por la tarde continuaremos con la mesa de Alimentaci\u00f3n, que comenzar\u00e1 con las l\u00edneas de trabajo en este eje, presentadas por <strong>Nerea Mor\u00e1n Alonso<\/strong>, Profesora Ayudante Doctora del Departamento de Urban\u00edstica y Ordenaci\u00f3n del Territorio (UPM).<\/p>\n\n\n\n<p>Desde una visi\u00f3n investigadora, <strong>Pablo Saralegui D\u00edez <\/strong>aportar\u00e1 la experiencia de la asociaci\u00f3n cient\u00edfica <a href=\"https:\/\/alimentta.com\/\" target=\"_blank\" rel=\"noopener\" title=\"\">Alimentta<\/a>, think tank para la transici\u00f3n alimentaria.<\/p>\n\n\n\n<p>Con la experiencia combinada desde el movimiento agroecol\u00f3gico y la investigaci\u00f3n militante, contaremos con <strong>Julia del Valle Gonz\u00e1lez<\/strong>, coordinadora del \u00e1rea de agroecolog\u00eda y desarrollo rural de la cooperativa <a href=\"https:\/\/germinando.es\/\" target=\"_blank\" rel=\"noopener\" title=\"\">Germinando<\/a>.<\/p>\n\n\n\n<p>Por \u00faltimo, la aportaci\u00f3n institucional la realizar\u00e1 <strong>Annalisa Giocoli<\/strong>, del \u00e1rea de pol\u00edticas urban\u00edsticas y espacios naturales del \u00c1rea Metropolitana de Barcelona, con experiencias tan interesantes como el Plan Director del Parc Agrari del Baix Llobregat<\/p>\n\n\n\n<p>Este bloque se cerrar\u00e1 con una mesa redonda moderada por<strong> Marian Sim\u00f3n Rojo<\/strong>, Profesora Contratada Doctora del Departamento de Urban\u00edstica y Ordenaci\u00f3n del Territorio de la Universidad Polit\u00e9cnica de Madrid.<\/p>\n\n\n\n<figure class=\"wp-block-image size-large\"><img data-recalc-dims=\"1\" loading=\"lazy\" decoding=\"async\" width=\"724\" height=\"1024\" data-attachment-id=\"11506\" data-permalink=\"https:\/\/vps181.cesvima.upm.es\/re-hab\/2024\/01\/10\/seminario-urb_int-crisis-y-transicion-ecosocial-posibilidades-y-limitaciones-en-la-ciudad-y-el-territorio\/seminarios_urb_int_jpg_z_4\/\" data-orig-file=\"https:\/\/i0.wp.com\/vps181.cesvima.upm.es\/re-hab\/wp-content\/uploads\/sites\/6\/2024\/01\/Seminarios_URB_inT_JPG_z_4.jpg?fit=1240%2C1754&amp;ssl=1\" data-orig-size=\"1240,1754\" data-comments-opened=\"1\" data-image-meta=\"{&quot;aperture&quot;:&quot;0&quot;,&quot;credit&quot;:&quot;&quot;,&quot;camera&quot;:&quot;&quot;,&quot;caption&quot;:&quot;&quot;,&quot;created_timestamp&quot;:&quot;0&quot;,&quot;copyright&quot;:&quot;&quot;,&quot;focal_length&quot;:&quot;0&quot;,&quot;iso&quot;:&quot;0&quot;,&quot;shutter_speed&quot;:&quot;0&quot;,&quot;title&quot;:&quot;&quot;,&quot;orientation&quot;:&quot;0&quot;}\" data-image-title=\"Seminarios_URB_inT_JPG_z_4\" data-image-description=\"\" data-image-caption=\"\" data-large-file=\"https:\/\/i0.wp.com\/vps181.cesvima.upm.es\/re-hab\/wp-content\/uploads\/sites\/6\/2024\/01\/Seminarios_URB_inT_JPG_z_4.jpg?fit=724%2C1024&amp;ssl=1\" src=\"https:\/\/i0.wp.com\/vps181.cesvima.upm.es\/re-hab\/wp-content\/uploads\/sites\/6\/2024\/01\/Seminarios_URB_inT_JPG_z_4.jpg?resize=724%2C1024&#038;ssl=1\" alt=\"\" class=\"wp-image-11506\" srcset=\"https:\/\/i0.wp.com\/vps181.cesvima.upm.es\/re-hab\/wp-content\/uploads\/sites\/6\/2024\/01\/Seminarios_URB_inT_JPG_z_4.jpg?resize=724%2C1024&amp;ssl=1 724w, https:\/\/i0.wp.com\/vps181.cesvima.upm.es\/re-hab\/wp-content\/uploads\/sites\/6\/2024\/01\/Seminarios_URB_inT_JPG_z_4.jpg?resize=212%2C300&amp;ssl=1 212w, https:\/\/i0.wp.com\/vps181.cesvima.upm.es\/re-hab\/wp-content\/uploads\/sites\/6\/2024\/01\/Seminarios_URB_inT_JPG_z_4.jpg?resize=768%2C1086&amp;ssl=1 768w, https:\/\/i0.wp.com\/vps181.cesvima.upm.es\/re-hab\/wp-content\/uploads\/sites\/6\/2024\/01\/Seminarios_URB_inT_JPG_z_4.jpg?resize=1086%2C1536&amp;ssl=1 1086w, https:\/\/i0.wp.com\/vps181.cesvima.upm.es\/re-hab\/wp-content\/uploads\/sites\/6\/2024\/01\/Seminarios_URB_inT_JPG_z_4.jpg?resize=560%2C792&amp;ssl=1 560w, https:\/\/i0.wp.com\/vps181.cesvima.upm.es\/re-hab\/wp-content\/uploads\/sites\/6\/2024\/01\/Seminarios_URB_inT_JPG_z_4.jpg?w=1240&amp;ssl=1 1240w\" sizes=\"auto, (max-width: 724px) 100vw, 724px\" \/><\/figure>\n\n\n\n<p>Esperamos que resulte de vuestro inter\u00e9s el seminario y os recordamos que subiremos la grabaci\u00f3n del mismo a este blog en las semanas posteriores.<\/p>\n\n\n\n<h2 class=\"wp-block-heading\">&#8212;&#8212;&#8212;<\/h2>\n\n\n\n<p>Este trabajo y sus resultados se enmarcan dentro del proyecto <em>URB_inT: Estrategias para la transici\u00f3n ecosocial de las grandes \u00e1reas urbanas espa\u00f1olas en un escenario de crisis clim\u00e1tica y escasez de recursos<\/em> (PID2021-126190OB-I00) financiado por MICIU\/AEI\/10.13039\/501100011033\/FEDER, UE.<\/p>\n","protected":false},"excerpt":{"rendered":"<p>Tenemos el placer de invitaros al seminario [URB_inT], titulado \u00abCrisis y transici\u00f3n ecosocial: posibilidades y limitaciones en la ciudad y el territorio\u00bb, que tendr\u00e1 lugar el pr\u00f3ximo lunes 15 de enero las 9:30h en la Sala de Grados B de la Escuela T\u00e9cnica Superior de Arquitectura de Madrid (UPM).<\/p>\n","protected":false},"author":34,"featured_media":10330,"comment_status":"open","ping_status":"open","sticky":false,"template":"","format":"standard","meta":{"_monsterinsights_skip_tracking":false,"_monsterinsights_sitenote_active":false,"_monsterinsights_sitenote_note":"","_monsterinsights_sitenote_category":0,"_genesis_hide_title":false,"_genesis_hide_breadcrumbs":false,"_genesis_hide_singular_image":false,"_genesis_hide_footer_widgets":false,"_genesis_custom_body_class":"","_genesis_custom_post_class":"","_genesis_layout":"","jetpack_post_was_ever_published":false,"_jetpack_newsletter_access":"","_jetpack_dont_email_post_to_subs":false,"_jetpack_newsletter_tier_id":0,"_jetpack_memberships_contains_paywalled_content":false,"_jetpack_memberships_contains_paid_content":false,"footnotes":"","jetpack_publicize_message":"","jetpack_publicize_feature_enabled":true,"jetpack_social_post_already_shared":true,"jetpack_social_options":{"image_generator_settings":{"template":"highway","default_image_id":0,"font":"","enabled":false},"version":2}},"categories":[231,229,230],"tags":[227,228,226],"proyecto":[],"coauthors":[191,161,232],"class_list":{"0":"post-10310","1":"post","2":"type-post","3":"status-publish","4":"format-standard","5":"has-post-thumbnail","7":"category-urb_int","8":"category-urb_int-pid2021-126190ob-i00","9":"category-plan-estatal-idi-2021-2023","10":"tag-crisis-climatica","11":"tag-escasez-de-recursos","12":"tag-transicion-ecosocial","13":"entry"},"aioseo_notices":[],"jetpack_publicize_connections":[],"jetpack_featured_media_url":"https:\/\/i0.wp.com\/vps181.cesvima.upm.es\/re-hab\/wp-content\/uploads\/sites\/6\/2024\/01\/Caratulas_5.jpg?fit=600%2C600&ssl=1","jetpack_sharing_enabled":true,"_links":{"self":[{"href":"https:\/\/vps181.cesvima.upm.es\/re-hab\/wp-json\/wp\/v2\/posts\/10310","targetHints":{"allow":["GET"]}}],"collection":[{"href":"https:\/\/vps181.cesvima.upm.es\/re-hab\/wp-json\/wp\/v2\/posts"}],"about":[{"href":"https:\/\/vps181.cesvima.upm.es\/re-hab\/wp-json\/wp\/v2\/types\/post"}],"author":[{"embeddable":true,"href":"https:\/\/vps181.cesvima.upm.es\/re-hab\/wp-json\/wp\/v2\/users\/34"}],"replies":[{"embeddable":true,"href":"https:\/\/vps181.cesvima.upm.es\/re-hab\/wp-json\/wp\/v2\/comments?post=10310"}],"version-history":[{"count":10,"href":"https:\/\/vps181.cesvima.upm.es\/re-hab\/wp-json\/wp\/v2\/posts\/10310\/revisions"}],"predecessor-version":[{"id":13814,"href":"https:\/\/vps181.cesvima.upm.es\/re-hab\/wp-json\/wp\/v2\/posts\/10310\/revisions\/13814"}],"wp:featuredmedia":[{"embeddable":true,"href":"https:\/\/vps181.cesvima.upm.es\/re-hab\/wp-json\/wp\/v2\/media\/10330"}],"wp:attachment":[{"href":"https:\/\/vps181.cesvima.upm.es\/re-hab\/wp-json\/wp\/v2\/media?parent=10310"}],"wp:term":[{"taxonomy":"category","embeddable":true,"href":"https:\/\/vps181.cesvima.upm.es\/re-hab\/wp-json\/wp\/v2\/categories?post=10310"},{"taxonomy":"post_tag","embeddable":true,"href":"https:\/\/vps181.cesvima.upm.es\/re-hab\/wp-json\/wp\/v2\/tags?post=10310"},{"taxonomy":"proyecto","embeddable":true,"href":"https:\/\/vps181.cesvima.upm.es\/re-hab\/wp-json\/wp\/v2\/proyecto?post=10310"},{"taxonomy":"author","embeddable":true,"href":"https:\/\/vps181.cesvima.upm.es\/re-hab\/wp-json\/wp\/v2\/coauthors?post=10310"}],"curies":[{"name":"wp","href":"https:\/\/api.w.org\/{rel}","templated":true}]}}