{"id":5858,"date":"2015-10-27T12:08:49","date_gmt":"2015-10-27T11:08:49","guid":{"rendered":"http:\/\/www2.aq.upm.es\/Departamentos\/Urbanismo\/blogs\/re-hab\/?p=5858"},"modified":"2019-10-15T13:14:23","modified_gmt":"2019-10-15T11:14:23","slug":"recuperando-la-ciudad-video","status":"publish","type":"post","link":"https:\/\/vps181.cesvima.upm.es\/re-hab\/2015\/10\/27\/recuperando-la-ciudad-video\/","title":{"rendered":"Recuperando la ciudad. V\u00eddeo"},"content":{"rendered":"<blockquote><p>El \u201cmundo de 2007\u201d se ha acabado, ya no existe como tal, ni volver\u00e1 jam\u00e1s. Es un \u201cmundo\u201d que se est\u00e1 deshaciendo poco a poco ante nuestros ojos, pero sin darnos cuenta. Estamos en un punto de inflexi\u00f3n hist\u00f3rica. Una bifurcaci\u00f3n de enorme trascendencia de la que todav\u00eda no somos conscientes. O tan s\u00f3lo m\u00ednimamente.\u00bb<\/p><\/blockquote>\n<p style=\"text-align: right\"><sup>Ram\u00f3n Fern\u00e1ndez Dur\u00e1n (2011)<\/sup><\/p>\n<p>La llegada de la crisis, que ha visibilizado las consecuencias sobre el territorio y la poblaci\u00f3n del modelo en el que se ha apoyado la burbuja inmobiliaria, plantea la necesidad urgente de un cambio de rumbo. Pero esta necesidad no es nueva, ni esta crisis es la primera, a pesar de que las consecuencias cada vez son m\u00e1s evidentes e irreversibles.<\/p>\n<p>La recuperaci\u00f3n de la ciudad (en su concepto m\u00e1s amplio), por la que pasa necesariamente ese cambio de rumbo, fue la bandera de los Planes Generales de Ordenaci\u00f3n Urbana puestos en marcha por los primeros ayuntamientos democr\u00e1ticos, coincidiendo con los coletazos de la crisis del petr\u00f3leo de 1973. En aquel momento, la fuerte movilizaci\u00f3n de las asociaciones vecinales que reivindicaban la necesaria mejora de unos barrios creados apenas sin equipamientos, sin servicios y sin las infraestructuras que los hicieran m\u00ednimamente habitables, fue clave para la puesta en marcha de una serie de operaciones, que a pesar de tiempo transcurrido siguen siendo un referente a la hora de plantear la intervenci\u00f3n en la ciudad.<\/p>\n<p>A pesar de que en el momento actual podemos encontrar una serie de paralelismos con esa \u00e9poca (crisis econ\u00f3mica y falta de recursos, repunte de la movilizaci\u00f3n, cambios en los gobiernos municipales), no podemos olvidar que las ciudades, los barrios y la poblaci\u00f3n han cambiado y que los problemas y circunstancias son mayoritariamente otros. Necesitamos por tanto nuevas soluciones y herramientas y nuevas formas de gestionarlas y ponerlas en marcha, que, sin embargo, deber\u00edan partir de los aciertos y errores de las desarrolladas hasta ahora.<\/p>\n<blockquote><p><em>Hoy, en el Estado espa\u00f1ol, el despertar de dignidad y democracia que supuso el 15M est\u00e1 gestando un proceso constituyente que abre posibilidades para otras formas de organizaci\u00f3n social.<\/em><br \/>\n<em> Sin embargo, es fundamental que los proyectos alternativos tomen conciencia de las implicaciones que suponen los l\u00edmites del crecimiento y dise\u00f1en propuestas de cambio mucho m\u00e1s audaces. La crisis de r\u00e9gimen y la crisis econ\u00f3mica s\u00f3lo se podr\u00e1n superar si al mismo tiempo se supera la crisis ecol\u00f3gica.<\/em><\/p><\/blockquote>\n<p style=\"text-align: right\">\u00daltima llamada (2014)<\/p>\n<p><span class=\"embed-youtube\" style=\"text-align:center; display: block;\"><iframe loading=\"lazy\" class=\"youtube-player\" width=\"640\" height=\"360\" src=\"https:\/\/www.youtube.com\/embed\/1RhGWCy4G_w?version=3&#038;rel=1&#038;showsearch=0&#038;showinfo=1&#038;iv_load_policy=1&#038;fs=1&#038;hl=es-ES&#038;autohide=2&#038;wmode=transparent\" allowfullscreen=\"true\" style=\"border:0;\" sandbox=\"allow-scripts allow-same-origin allow-popups allow-presentation allow-popups-to-escape-sandbox\"><\/iframe><\/span><\/p>\n<p>En este marco, el v\u00eddeo \u00abRecuperando la ciudad\u00bb, presentado en el <a href=\"http:\/\/www2.aq.upm.es\/Departamentos\/Urbanismo\/blogs\/re-hab\/proyectos-investigacion\/2015-seminario-re-hab-pn-idi\/\" target=\"_blank\" rel=\"noopener noreferrer\">seminario hom\u00f3nimo<\/a> celebrado a principios de octubre, plantea a trav\u00e9s de una serie de entrevistas cu\u00e1l es el escenario actual y la necesidad de nuevas herramientas. Adem\u00e1s,\u00a0 expone brevemente la propuesta\u00a0resultado del proyecto <a href=\"http:\/\/www2.aq.upm.es\/Departamentos\/Urbanismo\/blogs\/re-hab\/proyectos-investigacion\/plan-nacional-idi-2013-15\/\" target=\"_blank\" rel=\"noopener noreferrer\">\u201cEstrategia de Evaluaci\u00f3n y Dise\u00f1o de planes y programas de Regeneraci\u00f3n Urbana Integrada\u201d (BIA2012-31905)<\/a>, facilitando la comprensi\u00f3n de sus objetivos y principios.\u00a0 Junto a este v\u00eddeo se han editado tres de menor duraci\u00f3n, a partir de las entrevistas realizadas a<a href=\"http:\/\/www2.aq.upm.es\/Departamentos\/Urbanismo\/blogs\/re-hab\/recuperar-la-iniciativa-rehabilitar-los-barrios\/\" target=\"_blank\" rel=\"noopener noreferrer\"> Julio Alguacil G\u00f3mez<\/a>, <a href=\"http:\/\/www2.aq.upm.es\/Departamentos\/Urbanismo\/blogs\/re-hab\/recuperar-la-ciudad-de-la-ciudad-al-barrio\/\" target=\"_blank\" rel=\"noopener noreferrer\">Teresa Bonilla Lozano<\/a> y <a href=\"http:\/\/www2.aq.upm.es\/Departamentos\/Urbanismo\/blogs\/re-hab\/recuperando-la-ciudad-villaverde\/\" target=\"_blank\" rel=\"noopener noreferrer\">Fernanda Alonso Vega<\/a>, que publicaremos\u00a0 en el blog, y que esperamos que al igual que \u00e9ste permitan abrir el debate y contribuir, en alguna medida, por modesta que sea, a esa recuperaci\u00f3n necesaria de la ciudad.<\/p>\n<p>&nbsp;<\/p>\n<p><sup><span style=\"color: #21759b\"><strong>RECUPERANDO LA CIUDAD:<\/strong><\/span> <a href=\"https:\/\/youtu.be\/1RhGWCy4G_w\" target=\"_blank\" rel=\"noopener noreferrer\">V\u00eddeo<\/a>\/ <a href=\"http:\/\/www2.aq.upm.es\/Departamentos\/Urbanismo\/blogs\/re-hab\/files\/2015\/10\/Ficha_Recuperando-la-ciudad.pdf\" target=\"_blank\" rel=\"noopener noreferrer\">Ficha<\/a><\/sup><br \/>\n<a href=\"https:\/\/i0.wp.com\/vps181.cesvima.upm.es\/re-hab\/wp-content\/uploads\/sites\/6\/2015\/10\/Fotograma-Recuperando-e1453996634445.jpg?ssl=1\" target=\"_blank\" rel=\"noopener noreferrer\"><img data-recalc-dims=\"1\" loading=\"lazy\" decoding=\"async\" data-attachment-id=\"5888\" data-permalink=\"https:\/\/vps181.cesvima.upm.es\/re-hab\/2015\/10\/27\/recuperando-la-ciudad-video\/fotograma-recuperando\/\" data-orig-file=\"https:\/\/i0.wp.com\/vps181.cesvima.upm.es\/re-hab\/wp-content\/uploads\/sites\/6\/2015\/10\/Fotograma-Recuperando-e1453996634445.jpg?fit=1000%2C520&amp;ssl=1\" data-orig-size=\"1000,520\" data-comments-opened=\"1\" data-image-meta=\"{&quot;aperture&quot;:&quot;0&quot;,&quot;credit&quot;:&quot;&quot;,&quot;camera&quot;:&quot;&quot;,&quot;caption&quot;:&quot;&quot;,&quot;created_timestamp&quot;:&quot;0&quot;,&quot;copyright&quot;:&quot;&quot;,&quot;focal_length&quot;:&quot;0&quot;,&quot;iso&quot;:&quot;0&quot;,&quot;shutter_speed&quot;:&quot;0&quot;,&quot;title&quot;:&quot;&quot;,&quot;orientation&quot;:&quot;0&quot;}\" data-image-title=\"Fotograma Recuperando\" data-image-description=\"\" data-image-caption=\"\" data-large-file=\"https:\/\/i0.wp.com\/vps181.cesvima.upm.es\/re-hab\/wp-content\/uploads\/sites\/6\/2015\/10\/Fotograma-Recuperando-e1453996634445.jpg?fit=1000%2C520&amp;ssl=1\" class=\"alignleft wp-image-5888 size-full\" src=\"https:\/\/i0.wp.com\/vps181.cesvima.upm.es\/re-hab\/wp-content\/uploads\/sites\/6\/2015\/10\/Fotograma-Recuperando-e1453996634445.jpg?resize=1332%2C693&#038;ssl=1\" alt=\"Fotograma Recuperando la Ciudad\" width=\"1332\" height=\"693\" srcset=\"https:\/\/i0.wp.com\/vps181.cesvima.upm.es\/re-hab\/wp-content\/uploads\/sites\/6\/2015\/10\/Fotograma-Recuperando-e1453996634445.jpg?w=1000&amp;ssl=1 1000w, https:\/\/i0.wp.com\/vps181.cesvima.upm.es\/re-hab\/wp-content\/uploads\/sites\/6\/2015\/10\/Fotograma-Recuperando-e1453996634445.jpg?resize=300%2C156&amp;ssl=1 300w, https:\/\/i0.wp.com\/vps181.cesvima.upm.es\/re-hab\/wp-content\/uploads\/sites\/6\/2015\/10\/Fotograma-Recuperando-e1453996634445.jpg?resize=768%2C399&amp;ssl=1 768w\" sizes=\"auto, (max-width: 1000px) 100vw, 1000px\" \/><\/a><\/p>\n<p><sup><span style=\"color: #21759b\">DURACI\u00d3N:<\/span> 13\u2019 15\u2019\u2019<\/sup><br \/>\n<sup> <span style=\"color: #21759b\">ENTREVISTAS:<\/span><\/sup><br \/>\n<sup> <strong>Fecha:<\/strong>Realizadas entre octubre de 2014 y enero de 2015<\/sup><br \/>\n<sup> <strong>Entrevistados\/as:<\/strong> Jos\u00e9 Fari\u00f1a, Gerardo Ruiz, Teresa Bonilla, Fernanda Alonso, Julio Alguacil, Agust\u00edn<\/sup><br \/>\n<sup> Hern\u00e1ndez, Mar\u00eda Castrillo y \u00c1ngel Aparicio (Orden de aparici\u00f3n).<\/sup><br \/>\n<sup> <span style=\"color: #21759b\">CR\u00c9DITOS:<\/span><\/sup><br \/>\n<sup> <strong>Realizaci\u00f3n:<\/strong> Celia Hern\u00e1ndez y Fran Mu\u00f1oz<\/sup><br \/>\n<sup> <strong>Montaje:<\/strong> Celia Hern\u00e1ndez<\/sup><br \/>\n<sup> <strong>Gui\u00f3n:<\/strong> \u00c1ngela Matesanz Parellada<\/sup><br \/>\n<sup> <strong>Entrevistas:<\/strong> \u00c1ngela Matesanz Parellada y Carolina Garc\u00eda Madruga<\/sup><br \/>\n<sup> <strong>M\u00fasica:<\/strong> Adam Sezer \u201cStrings and Blips\u201d,\u201dWhistle and Actions\u201d<\/sup><br \/>\n<sup> Chistian Bjoerklund_ 01_ Hallon.aif<\/sup><br \/>\n<sup> <strong>Financiado por:<\/strong> Plan Nacional I+D+i 2008-2012 <a href=\"http:\/\/www2.aq.upm.es\/Departamentos\/Urbanismo\/blogs\/re-hab\/proyectos-investigacion\/plan-nacional-de-idi-2011\/\" target=\"_blank\" rel=\"noopener noreferrer\">\u201cEstrategia de Evaluaci\u00f3n y Dise\u00f1o de planes y programas de Regeneraci\u00f3n Urbana Integrada\u201d (BIA2012-31905 )<\/a><\/sup><\/p>\n<p>&nbsp;<\/p>\n","protected":false},"excerpt":{"rendered":"<p>Resultado del proyecto \u201cEstrategia de Evaluaci\u00f3n y Dise\u00f1o de planes y programas de Regeneraci\u00f3n Urbana Integrada\u201d (BIA2012-31905 ), \u00abRecuperando la ciudad\u00bb, a trav\u00e9s de una serie de entrevistas, plantea la necesidad de nuevas herramientas y expone la propuesta realizada en el marco de dicho proyecto.<\/p>\n","protected":false},"author":3,"featured_media":5888,"comment_status":"open","ping_status":"open","sticky":false,"template":"","format":"standard","meta":{"_monsterinsights_skip_tracking":false,"_monsterinsights_sitenote_active":false,"_monsterinsights_sitenote_note":"","_monsterinsights_sitenote_category":0,"_genesis_hide_title":false,"_genesis_hide_breadcrumbs":false,"_genesis_hide_singular_image":false,"_genesis_hide_footer_widgets":false,"_genesis_custom_body_class":"","_genesis_custom_post_class":"","_genesis_layout":"","jetpack_post_was_ever_published":false,"_jetpack_newsletter_access":"","_jetpack_dont_email_post_to_subs":false,"_jetpack_newsletter_tier_id":0,"_jetpack_memberships_contains_paywalled_content":false,"_jetpack_memberships_contains_paid_content":false,"footnotes":"","jetpack_publicize_message":"","jetpack_publicize_feature_enabled":true,"jetpack_social_post_already_shared":false,"jetpack_social_options":{"image_generator_settings":{"template":"highway","default_image_id":0,"font":"","enabled":false},"version":2}},"categories":[8],"tags":[26,60,61,66,77,78,79,80,85,107,109],"proyecto":[],"coauthors":[124],"class_list":{"0":"post-5858","1":"post","2":"type-post","3":"status-publish","4":"format-standard","5":"has-post-thumbnail","7":"category-plan-nacional-idi-2012","8":"tag-barrio","9":"tag-integracion-urbana","10":"tag-jornadas","11":"tag-medio-ambiente-urbano","12":"tag-plan-integral","13":"tag-plan-nacional-idi","14":"tag-planeamiento","15":"tag-planes-barrio","16":"tag-politicas-integrales","17":"tag-video","18":"tag-vulnerabilidad","19":"entry"},"aioseo_notices":[],"jetpack_publicize_connections":[],"jetpack_featured_media_url":"https:\/\/i0.wp.com\/vps181.cesvima.upm.es\/re-hab\/wp-content\/uploads\/sites\/6\/2015\/10\/Fotograma-Recuperando-e1453996634445.jpg?fit=1000%2C520&ssl=1","jetpack_sharing_enabled":true,"_links":{"self":[{"href":"https:\/\/vps181.cesvima.upm.es\/re-hab\/wp-json\/wp\/v2\/posts\/5858","targetHints":{"allow":["GET"]}}],"collection":[{"href":"https:\/\/vps181.cesvima.upm.es\/re-hab\/wp-json\/wp\/v2\/posts"}],"about":[{"href":"https:\/\/vps181.cesvima.upm.es\/re-hab\/wp-json\/wp\/v2\/types\/post"}],"author":[{"embeddable":true,"href":"https:\/\/vps181.cesvima.upm.es\/re-hab\/wp-json\/wp\/v2\/users\/3"}],"replies":[{"embeddable":true,"href":"https:\/\/vps181.cesvima.upm.es\/re-hab\/wp-json\/wp\/v2\/comments?post=5858"}],"version-history":[{"count":1,"href":"https:\/\/vps181.cesvima.upm.es\/re-hab\/wp-json\/wp\/v2\/posts\/5858\/revisions"}],"predecessor-version":[{"id":7270,"href":"https:\/\/vps181.cesvima.upm.es\/re-hab\/wp-json\/wp\/v2\/posts\/5858\/revisions\/7270"}],"wp:featuredmedia":[{"embeddable":true,"href":"https:\/\/vps181.cesvima.upm.es\/re-hab\/wp-json\/wp\/v2\/media\/5888"}],"wp:attachment":[{"href":"https:\/\/vps181.cesvima.upm.es\/re-hab\/wp-json\/wp\/v2\/media?parent=5858"}],"wp:term":[{"taxonomy":"category","embeddable":true,"href":"https:\/\/vps181.cesvima.upm.es\/re-hab\/wp-json\/wp\/v2\/categories?post=5858"},{"taxonomy":"post_tag","embeddable":true,"href":"https:\/\/vps181.cesvima.upm.es\/re-hab\/wp-json\/wp\/v2\/tags?post=5858"},{"taxonomy":"proyecto","embeddable":true,"href":"https:\/\/vps181.cesvima.upm.es\/re-hab\/wp-json\/wp\/v2\/proyecto?post=5858"},{"taxonomy":"author","embeddable":true,"href":"https:\/\/vps181.cesvima.upm.es\/re-hab\/wp-json\/wp\/v2\/coauthors?post=5858"}],"curies":[{"name":"wp","href":"https:\/\/api.w.org\/{rel}","templated":true}]}}