{"id":8145,"date":"2020-10-21T07:00:02","date_gmt":"2020-10-21T05:00:02","guid":{"rendered":"https:\/\/vps181.cesvima.upm.es\/re-hab\/?p=8145"},"modified":"2021-02-24T16:02:45","modified_gmt":"2021-02-24T15:02:45","slug":"primer-seminario-red-de-investigacion-re-adap-inclusion-salud-y-bienestar","status":"publish","type":"post","link":"https:\/\/vps181.cesvima.upm.es\/re-hab\/2020\/10\/21\/primer-seminario-red-de-investigacion-re-adap-inclusion-salud-y-bienestar\/","title":{"rendered":"Primer Seminario Red de Investigaci\u00f3n RE-ADAP: Inclusi\u00f3n, salud y bienestar."},"content":{"rendered":"<p>En esta entrada se presenta una rese\u00f1a sobre el seminario titulado \u201cInclusi\u00f3n, salud y bienestar\u201d que se celebr\u00f3 el pasado d\u00eda 13 de octubre de en el marco de los seminarios de la Red de Investigaci\u00f3n <a href=\"https:\/\/vps181.cesvima.upm.es\/re-hab\/proyectos-investigacion\/2019-plan-estatal-idi-2017-20-redes-de-investigacion\/\" target=\"_blank\" rel=\"noopener noreferrer\">\u201cResiliencia: espacios de adaptaci\u00f3n de nuestras ciudades a los nuevos retos urbanos\u201d<\/a> en la que se cont\u00f3 con la presencia de los investigadores principales de los grupos de investigaci\u00f3n que forman parte de la red, realiz\u00e1ndose en colaboraci\u00f3n con el M\u00e1ster Universitario en Planeamiento Urbano y Territorial del Departamento de Urban\u00edstica y Ordenaci\u00f3n del Territorio ETSAM-UPM, cuya directora, Ester Higueras coordin\u00f3 este primer seminario.\u00a0 A continuaci\u00f3n os relatamos las ponencias que tuvieron lugar en la jornada y una mesa redonda posterior con los ponentes, que trajo una serie de reflexiones sobre los temas y las herramientas de la disciplina que se expusieron para afrontar los retos de nuestras ciudades y que cerr\u00f3 con la participaci\u00f3n de los alumnos y alumnas del <a href=\"https:\/\/duyot.aq.upm.es\/master\/muput\" target=\"_blank\" rel=\"noopener noreferrer\">MUPUT<\/a> a trav\u00e9s de una serie de preguntas que realizaron a los investigadores .<\/p>\n<p>Por otra parte ten\u00e9is a vuestra disposici\u00f3n la jornada completa a trav\u00e9s del Canal Youtube ETSAM-UPM:<\/p>\n<p><span class=\"embed-youtube\" style=\"text-align:center; display: block;\"><iframe loading=\"lazy\" class=\"youtube-player\" width=\"640\" height=\"360\" src=\"https:\/\/www.youtube.com\/embed\/xOODIo5XJ9E?version=3&#038;rel=1&#038;showsearch=0&#038;showinfo=1&#038;iv_load_policy=1&#038;fs=1&#038;hl=es-ES&#038;autohide=2&#038;wmode=transparent\" allowfullscreen=\"true\" style=\"border:0;\" sandbox=\"allow-scripts allow-same-origin allow-popups allow-presentation allow-popups-to-escape-sandbox\"><\/iframe><\/span><\/p>\n<h6><strong>Presentaci\u00f3n de la Red RE-ADAP<\/strong><\/h6>\n<p><strong>Agust\u00edn Hern\u00e1ndez Aja (IP). Doctor arquitecto \u2013 Departamento de Urban\u00edstica y Ordenaci\u00f3n Territorial \u2013 UPM. Grupo de Investigaci\u00f3n en Arquitectura, Urbanismo y Sostenibilidad (<a href=\"https:\/\/vps181.cesvima.upm.es\/\">GIAU+S<\/a>) de la\u00a0<a title=\"Escuela T\u00e9cnica Superior de Arquitectura de Madrid\" href=\"http:\/\/etsamadrid.aq.upm.es\/\" target=\"_blank\" rel=\"noopener noreferrer\">ETSAM<\/a>\/<a title=\"Universidad Polit\u00e9cnica de Madrid\" href=\"http:\/\/www.upm.es\/institucional\" target=\"_blank\" rel=\"noopener noreferrer\">UPM<\/a>\u00a0<\/strong><\/p>\n<p>La presentaci\u00f3n\u00a0 corri\u00f3 a cargo del investigador principal de la red, Agust\u00edn Hern\u00e1ndez Aja, que realiz\u00f3 una breve explicaci\u00f3n sobre los objetivos del proyecto, los miembros que conforman la red y su adhesi\u00f3n al Plan Estatal de I+D+i (2017-2020) relacionando la misma con trabajos anteriores en los cuales han participado los grupos de investigaci\u00f3n que la integran y las sinergias entre ellos.<\/p>\n<p>En relaci\u00f3n a los trabajos anteriores, que dan continuidad a la red, cabe especial menci\u00f3n el \u00faltimo Plan Estatal de Investigaci\u00f3n (2016-2018) Retos de la Sociedad <em><a href=\"https:\/\/vps181.cesvima.upm.es\/re-hab\/proyectos-investigacion\/2016-plan-nacional-idi-2016-18-retos-de-la-sociedad\/\" target=\"_blank\" rel=\"noopener noreferrer\">Resiliencia funcional de las \u00c1reas Urbanas: El Caso del \u00c1rea urbana de Madrid<\/a><\/em> que trajo como uno de los resultados, la publicaci\u00f3n del libro <a href=\"https:\/\/vps181.cesvima.upm.es\/re-hab\/2020\/09\/17\/libro-resiliencia-urbana-funcional-el-caso-del-area-urbana-de-madrid\/\" target=\"_blank\" rel=\"noopener noreferrer\"><em>Resiliencia funcional de las \u00e1reas urbanas: el caso del \u00c1rea Urbana de Madrid<\/em><\/a>.<\/p>\n<p><img data-recalc-dims=\"1\" loading=\"lazy\" decoding=\"async\" data-attachment-id=\"8208\" data-permalink=\"https:\/\/vps181.cesvima.upm.es\/re-hab\/2020\/10\/21\/primer-seminario-red-de-investigacion-re-adap-inclusion-salud-y-bienestar\/aha\/\" data-orig-file=\"https:\/\/i0.wp.com\/vps181.cesvima.upm.es\/re-hab\/wp-content\/uploads\/sites\/6\/2020\/10\/AHA.jpg?fit=470%2C293&amp;ssl=1\" data-orig-size=\"470,293\" data-comments-opened=\"1\" data-image-meta=\"{&quot;aperture&quot;:&quot;0&quot;,&quot;credit&quot;:&quot;&quot;,&quot;camera&quot;:&quot;&quot;,&quot;caption&quot;:&quot;&quot;,&quot;created_timestamp&quot;:&quot;0&quot;,&quot;copyright&quot;:&quot;&quot;,&quot;focal_length&quot;:&quot;0&quot;,&quot;iso&quot;:&quot;0&quot;,&quot;shutter_speed&quot;:&quot;0&quot;,&quot;title&quot;:&quot;&quot;,&quot;orientation&quot;:&quot;0&quot;}\" data-image-title=\"AHA\" data-image-description=\"\" data-image-caption=\"\" data-large-file=\"https:\/\/i0.wp.com\/vps181.cesvima.upm.es\/re-hab\/wp-content\/uploads\/sites\/6\/2020\/10\/AHA.jpg?fit=470%2C293&amp;ssl=1\" class=\"aligncenter wp-image-8208 size-full\" src=\"https:\/\/i0.wp.com\/vps181.cesvima.upm.es\/re-hab\/wp-content\/uploads\/sites\/6\/2020\/10\/AHA.jpg?resize=470%2C293&#038;ssl=1\" alt=\"\" width=\"470\" height=\"293\" srcset=\"https:\/\/i0.wp.com\/vps181.cesvima.upm.es\/re-hab\/wp-content\/uploads\/sites\/6\/2020\/10\/AHA.jpg?w=470&amp;ssl=1 470w, https:\/\/i0.wp.com\/vps181.cesvima.upm.es\/re-hab\/wp-content\/uploads\/sites\/6\/2020\/10\/AHA.jpg?resize=300%2C187&amp;ssl=1 300w\" sizes=\"auto, (max-width: 470px) 100vw, 470px\" \/><\/p>\n<h6><strong>Urbanismo y salud. Proyecto URB-HealthS\u00a0\u00a0<\/strong><\/h6>\n<p><strong>Ester Higueras. Doctora arquitecta \u2013 Departamento de Urban\u00edstica y Ordenaci\u00f3n Territorial \u2013 UPM. Grupo de Investigaci\u00f3n Arquitectura Bioclim\u00e1tica en un entorno sostenible (<a href=\"http:\/\/abio-upm.org\/\">ABIO<\/a>).<\/strong><\/p>\n<p>La exposici\u00f3n comenz\u00f3 con la presentaci\u00f3n del proyecto URB-HealthS, que se trata de un proyecto europeo (EIT-Health 2020) en competencia competitiva durante un a\u00f1o, dirigido por Ester Higueras y en el que participan profesores del Departamento de Urban\u00edstica y Ordenaci\u00f3n del Territorio y el cual se desarrolla en colaboraci\u00f3n con diferentes organismos universitarios y de salud en Espa\u00f1a, Portugal y Reino Unido a trav\u00e9s de un consorcio. El eje principal es profundizar sobre los temas de salud urbana, que llevan trabajando desde el a\u00f1o 2015 en el Grupo de Investigaci\u00f3n <a href=\"http:\/\/abio-upm.org\/project\/uni-health\/\" target=\"_blank\" rel=\"noopener noreferrer\">ABIO-UPM<\/a>. El proyecto se enmarca dentro los <a href=\"https:\/\/www.un.org\/sustainabledevelopment\/es\/objetivos-de-desarrollo-sostenible\/\" target=\"_blank\" rel=\"noopener noreferrer\">Objetivos de Desarrollo Sostenible<\/a>, ODS3 <em>Salud y Bienestar<\/em> y el ODS11 <em>Lograr que las ciudades sean m\u00e1s inclusivas, seguras, resilientes y sostenibles\u00a0<\/em>y su objetivo fundamental es trasladar la idea de salud urbana a los t\u00e9cnicos municipales y hacer formadores en salud a posibles planificadores con el objetivo espec\u00edfico de conocer las implicaciones del dise\u00f1o urbano en los condicionantes de salud en los ciudadanos.<\/p>\n<p>Para conocer m\u00e1s sobre esta l\u00ednea de investigaci\u00f3n y el proyecto pod\u00e9is visitar el <a href=\"https:\/\/blogs.upm.es\/urb-healths\/\" target=\"_blank\" rel=\"noopener noreferrer\">Blog de Urbanismo y Salud<\/a> dirigido por Ester Higueras.<\/p>\n<p>(<a href=\"https:\/\/vps181.cesvima.upm.es\/re-hab\/wp-content\/uploads\/sites\/6\/2020\/10\/2020-URB-HealthS_Red-RE_ADAP.pdf\" target=\"_blank\" rel=\"noopener noreferrer\">presentaci\u00f3n<\/a>)<\/p>\n<p><img data-recalc-dims=\"1\" loading=\"lazy\" decoding=\"async\" data-attachment-id=\"8210\" data-permalink=\"https:\/\/vps181.cesvima.upm.es\/re-hab\/2020\/10\/21\/primer-seminario-red-de-investigacion-re-adap-inclusion-salud-y-bienestar\/ehg\/\" data-orig-file=\"https:\/\/i0.wp.com\/vps181.cesvima.upm.es\/re-hab\/wp-content\/uploads\/sites\/6\/2020\/10\/EHG.jpg?fit=567%2C290&amp;ssl=1\" data-orig-size=\"567,290\" data-comments-opened=\"1\" data-image-meta=\"{&quot;aperture&quot;:&quot;0&quot;,&quot;credit&quot;:&quot;&quot;,&quot;camera&quot;:&quot;&quot;,&quot;caption&quot;:&quot;&quot;,&quot;created_timestamp&quot;:&quot;0&quot;,&quot;copyright&quot;:&quot;&quot;,&quot;focal_length&quot;:&quot;0&quot;,&quot;iso&quot;:&quot;0&quot;,&quot;shutter_speed&quot;:&quot;0&quot;,&quot;title&quot;:&quot;&quot;,&quot;orientation&quot;:&quot;0&quot;}\" data-image-title=\"EHG\" data-image-description=\"\" data-image-caption=\"\" data-large-file=\"https:\/\/i0.wp.com\/vps181.cesvima.upm.es\/re-hab\/wp-content\/uploads\/sites\/6\/2020\/10\/EHG.jpg?fit=567%2C290&amp;ssl=1\" class=\"aligncenter wp-image-8210 size-full\" src=\"https:\/\/i0.wp.com\/vps181.cesvima.upm.es\/re-hab\/wp-content\/uploads\/sites\/6\/2020\/10\/EHG.jpg?resize=567%2C290&#038;ssl=1\" alt=\"\" width=\"567\" height=\"290\" srcset=\"https:\/\/i0.wp.com\/vps181.cesvima.upm.es\/re-hab\/wp-content\/uploads\/sites\/6\/2020\/10\/EHG.jpg?w=567&amp;ssl=1 567w, https:\/\/i0.wp.com\/vps181.cesvima.upm.es\/re-hab\/wp-content\/uploads\/sites\/6\/2020\/10\/EHG.jpg?resize=300%2C153&amp;ssl=1 300w, https:\/\/i0.wp.com\/vps181.cesvima.upm.es\/re-hab\/wp-content\/uploads\/sites\/6\/2020\/10\/EHG.jpg?resize=560%2C286&amp;ssl=1 560w\" sizes=\"auto, (max-width: 567px) 100vw, 567px\" \/><\/p>\n<h6><strong>Obst\u00e1culos en el camino hacia la ciudad PostCovid\u00a0<\/strong><\/h6>\n<p><strong>M. Victoria G\u00f3mez. Doctora en Sociolog\u00eda \u2013 Departamento An\u00e1lisis Social \u2013 UC3M. Grupo de Investigaci\u00f3n\u00a0<a href=\"http:\/\/portal.uc3m.es\/portal\/page\/portal\/grupos_investigacion\/trabajo\">Familia, Trabajo y G\u00e9nero<\/a>.<\/strong><\/p>\n<p><span id=\":fj.co\" class=\"tL8wMe EMoHub\" dir=\"ltr\">La profesora presenta la ponencia con una declaraci\u00f3n de intenciones clara: la reflexi\u00f3n sobre la ciudad PostCovid, apuntando<\/span><span id=\":fj.co\" class=\"tL8wMe EMoHub\" dir=\"ltr\"> que durante el confinamiento a parte de reflexionar desde la perspectiva personal y particular, la reflexi\u00f3n se ha centrado igualmente en su conexi\u00f3n con causas m\u00e1s estructurales. Realiza un recorrido de esa enso\u00f1aci\u00f3n (imaginaci\u00f3n sociol\u00f3gica) vivida durante el confinamiento, donde hemos sido conscientes de que a trav\u00e9s de el refuerzo o transformaci\u00f3n de una serie de \u00abingredientes\u00bb (deficiencias en la habitabilidad, la ineficiencia de la sanidad, la disminuci\u00f3n de la contaminaci\u00f3n, etc.) que se han puesto encima de la mesa, ten\u00edamos motivos para imaginar una ciudad m\u00e1s amable y habitable, sin embargo anuncia una serie de\u00a0 obst\u00e1culos, capaces de crear barreras hacia esta tendencia.<\/span><\/p>\n<p>(<a href=\"https:\/\/vps181.cesvima.upm.es\/re-hab\/wp-content\/uploads\/sites\/6\/2020\/10\/2020_RE-ADAP-Sem01_MVGomez.pdf\" target=\"_blank\" rel=\"noopener noreferrer\">presentaci\u00f3n<\/a>)<\/p>\n<div class=\"PD IF\">\n<div><img data-recalc-dims=\"1\" loading=\"lazy\" decoding=\"async\" data-attachment-id=\"8209\" data-permalink=\"https:\/\/vps181.cesvima.upm.es\/re-hab\/2020\/10\/21\/primer-seminario-red-de-investigacion-re-adap-inclusion-salud-y-bienestar\/mvg\/\" data-orig-file=\"https:\/\/i0.wp.com\/vps181.cesvima.upm.es\/re-hab\/wp-content\/uploads\/sites\/6\/2020\/10\/MVG.jpg?fit=567%2C287&amp;ssl=1\" data-orig-size=\"567,287\" data-comments-opened=\"1\" data-image-meta=\"{&quot;aperture&quot;:&quot;0&quot;,&quot;credit&quot;:&quot;&quot;,&quot;camera&quot;:&quot;&quot;,&quot;caption&quot;:&quot;&quot;,&quot;created_timestamp&quot;:&quot;0&quot;,&quot;copyright&quot;:&quot;&quot;,&quot;focal_length&quot;:&quot;0&quot;,&quot;iso&quot;:&quot;0&quot;,&quot;shutter_speed&quot;:&quot;0&quot;,&quot;title&quot;:&quot;&quot;,&quot;orientation&quot;:&quot;0&quot;}\" data-image-title=\"MVG\" data-image-description=\"\" data-image-caption=\"\" data-large-file=\"https:\/\/i0.wp.com\/vps181.cesvima.upm.es\/re-hab\/wp-content\/uploads\/sites\/6\/2020\/10\/MVG.jpg?fit=567%2C287&amp;ssl=1\" class=\"aligncenter wp-image-8209 size-full\" src=\"https:\/\/i0.wp.com\/vps181.cesvima.upm.es\/re-hab\/wp-content\/uploads\/sites\/6\/2020\/10\/MVG.jpg?resize=567%2C287&#038;ssl=1\" alt=\"\" width=\"567\" height=\"287\" srcset=\"https:\/\/i0.wp.com\/vps181.cesvima.upm.es\/re-hab\/wp-content\/uploads\/sites\/6\/2020\/10\/MVG.jpg?w=567&amp;ssl=1 567w, https:\/\/i0.wp.com\/vps181.cesvima.upm.es\/re-hab\/wp-content\/uploads\/sites\/6\/2020\/10\/MVG.jpg?resize=300%2C152&amp;ssl=1 300w, https:\/\/i0.wp.com\/vps181.cesvima.upm.es\/re-hab\/wp-content\/uploads\/sites\/6\/2020\/10\/MVG.jpg?resize=560%2C283&amp;ssl=1 560w\" sizes=\"auto, (max-width: 567px) 100vw, 567px\" \/><\/div>\n<\/div>\n<div>\u00a0<\/div>\n<div>\u00a0<\/div>\n<h6><strong>El enfoque salud en la ordenaci\u00f3n jur\u00eddica del urbanismo\u00a0\u00a0<\/strong><\/h6>\n<p><strong>M. Rosario Alonso Ib\u00e1\u00f1ez. Doctora de Derecho P\u00fablico \u2013 UOVI. Grupo de Investigaci\u00f3n Estudios Jur\u00eddico-Sociales sobre Territorio y Desarrollo Urbano Sostenible (<a href=\"http:\/\/gtds.grupos.uniovi.es\/\">GTDS<\/a>).<\/strong><\/p>\n<p>En esta presentaci\u00f3n se hace hincapi\u00e9 en la importancia del ordenamiento jur\u00eddico en la toma de decisiones en materia de salud p\u00fablica durante la pandemia, entrando en muchos casos en discusi\u00f3n en el sentido de hasta qu\u00e9 punto o no son prioritarios ciertos temas frente a los derechos y libertades fundamentales. Estos problemas se reflejan claramente donde vivimos, que son las ciudades, y lo hace en la multitud de formas urbanas que existen y es el urbanismo, entendido como actividad humana sujeta a aun marco jur\u00eddico que las regula y ordena para desarrollarse.\u00a0 A partir de ah\u00ed realiza una serie de preguntas: \u00bfQu\u00e9 papel tienen las leyes qu\u00e9 regulan las ciudades? \u00bfC\u00f3mo entiende el derecho la organizaci\u00f3n de la ciudad?<\/p>\n<p>(<a href=\"https:\/\/vps181.cesvima.upm.es\/re-hab\/wp-content\/uploads\/sites\/6\/2020\/10\/2020_RE-ADAP-Sem01_Rosario-Alonso.pdf\" target=\"_blank\" rel=\"noopener noreferrer\">presentaci\u00f3n<\/a>)<\/p>\n<p><img data-recalc-dims=\"1\" loading=\"lazy\" decoding=\"async\" data-attachment-id=\"8211\" data-permalink=\"https:\/\/vps181.cesvima.upm.es\/re-hab\/2020\/10\/21\/primer-seminario-red-de-investigacion-re-adap-inclusion-salud-y-bienestar\/rai\/\" data-orig-file=\"https:\/\/i0.wp.com\/vps181.cesvima.upm.es\/re-hab\/wp-content\/uploads\/sites\/6\/2020\/10\/RAI.jpg?fit=567%2C289&amp;ssl=1\" data-orig-size=\"567,289\" data-comments-opened=\"1\" data-image-meta=\"{&quot;aperture&quot;:&quot;0&quot;,&quot;credit&quot;:&quot;&quot;,&quot;camera&quot;:&quot;&quot;,&quot;caption&quot;:&quot;&quot;,&quot;created_timestamp&quot;:&quot;0&quot;,&quot;copyright&quot;:&quot;&quot;,&quot;focal_length&quot;:&quot;0&quot;,&quot;iso&quot;:&quot;0&quot;,&quot;shutter_speed&quot;:&quot;0&quot;,&quot;title&quot;:&quot;&quot;,&quot;orientation&quot;:&quot;0&quot;}\" data-image-title=\"RAI\" data-image-description=\"\" data-image-caption=\"\" data-large-file=\"https:\/\/i0.wp.com\/vps181.cesvima.upm.es\/re-hab\/wp-content\/uploads\/sites\/6\/2020\/10\/RAI.jpg?fit=567%2C289&amp;ssl=1\" class=\"aligncenter wp-image-8211 size-full\" src=\"https:\/\/i0.wp.com\/vps181.cesvima.upm.es\/re-hab\/wp-content\/uploads\/sites\/6\/2020\/10\/RAI.jpg?resize=567%2C289&#038;ssl=1\" alt=\"\" width=\"567\" height=\"289\" srcset=\"https:\/\/i0.wp.com\/vps181.cesvima.upm.es\/re-hab\/wp-content\/uploads\/sites\/6\/2020\/10\/RAI.jpg?w=567&amp;ssl=1 567w, https:\/\/i0.wp.com\/vps181.cesvima.upm.es\/re-hab\/wp-content\/uploads\/sites\/6\/2020\/10\/RAI.jpg?resize=300%2C153&amp;ssl=1 300w, https:\/\/i0.wp.com\/vps181.cesvima.upm.es\/re-hab\/wp-content\/uploads\/sites\/6\/2020\/10\/RAI.jpg?resize=560%2C285&amp;ssl=1 560w\" sizes=\"auto, (max-width: 567px) 100vw, 567px\" \/><\/p>\n<h6><strong>\u00bfC\u00f3mo desarrollar la dimensi\u00f3n social de la movilidad sostenible? La experiencia del Proyecto ECCENTRIC en Vallecas y otros barrios.<\/strong><\/h6>\n<p><strong>\u00c1ngel Aparicio Mourelo. Doctor ingeniero de Caminos, Canales y Puertos \u2013 Departamento de Ingenier\u00eda civil y Transporte \u2013 UPM. Grupo de Investigaci\u00f3n\u00a0<a href=\"http:\/\/www.transyt.upm.es\/index.php\/es\/\">TRANSyT<\/a>: Centro de Investigaci\u00f3n del Transporte.<\/strong><\/p>\n<p>El ponente nos presenta el Proyecto ECCENTRIC, proyecto europeo en competencia competitiva. En la primera parte de la intervenci\u00f3n hace referencia al t\u00e9rmino de <em>movilidad sostenible<\/em>, afirmando que la dimensi\u00f3n social es penas inexistente en los proyectos sobre movilidad urbana sostenible, siendo la dimensi\u00f3n ambiental la que toma protagonismo, y espec\u00edficamente la descarbonizaci\u00f3n, por lo tanto marcando la centralidad en la innovaci\u00f3n tecnol\u00f3gica. En este sentido el proyecto ECCENTRIC incorpora no s\u00f3lo la dimensi\u00f3n social en el proyecto sino que traslada este concepto a la periferia urbana de la ciudad, cuando este tipo de proyectos suelen ser desarrollados en los centros de las ciudades. En este sentido, el profesor entiende el transporte p\u00fablico como una pol\u00edtica p\u00fablica y no solo como un sistema de gesti\u00f3n eficiente.<\/p>\n<p>(<a href=\"https:\/\/vps181.cesvima.upm.es\/re-hab\/wp-content\/uploads\/sites\/6\/2020\/10\/2020_RE-ADAP-Sem01_Angel-Aparicio.pdf\" target=\"_blank\" rel=\"noopener noreferrer\">presentaci\u00f3n<\/a>)<\/p>\n<p><img data-recalc-dims=\"1\" loading=\"lazy\" decoding=\"async\" data-attachment-id=\"8212\" data-permalink=\"https:\/\/vps181.cesvima.upm.es\/re-hab\/2020\/10\/21\/primer-seminario-red-de-investigacion-re-adap-inclusion-salud-y-bienestar\/aam\/\" data-orig-file=\"https:\/\/i0.wp.com\/vps181.cesvima.upm.es\/re-hab\/wp-content\/uploads\/sites\/6\/2020\/10\/AAM.jpg?fit=567%2C319&amp;ssl=1\" data-orig-size=\"567,319\" data-comments-opened=\"1\" data-image-meta=\"{&quot;aperture&quot;:&quot;0&quot;,&quot;credit&quot;:&quot;&quot;,&quot;camera&quot;:&quot;&quot;,&quot;caption&quot;:&quot;&quot;,&quot;created_timestamp&quot;:&quot;0&quot;,&quot;copyright&quot;:&quot;&quot;,&quot;focal_length&quot;:&quot;0&quot;,&quot;iso&quot;:&quot;0&quot;,&quot;shutter_speed&quot;:&quot;0&quot;,&quot;title&quot;:&quot;&quot;,&quot;orientation&quot;:&quot;0&quot;}\" data-image-title=\"AAM\" data-image-description=\"\" data-image-caption=\"\" data-large-file=\"https:\/\/i0.wp.com\/vps181.cesvima.upm.es\/re-hab\/wp-content\/uploads\/sites\/6\/2020\/10\/AAM.jpg?fit=567%2C319&amp;ssl=1\" class=\"aligncenter wp-image-8212 size-full\" src=\"https:\/\/i0.wp.com\/vps181.cesvima.upm.es\/re-hab\/wp-content\/uploads\/sites\/6\/2020\/10\/AAM.jpg?resize=567%2C319&#038;ssl=1\" alt=\"\" width=\"567\" height=\"319\" srcset=\"https:\/\/i0.wp.com\/vps181.cesvima.upm.es\/re-hab\/wp-content\/uploads\/sites\/6\/2020\/10\/AAM.jpg?w=567&amp;ssl=1 567w, https:\/\/i0.wp.com\/vps181.cesvima.upm.es\/re-hab\/wp-content\/uploads\/sites\/6\/2020\/10\/AAM.jpg?resize=300%2C169&amp;ssl=1 300w, https:\/\/i0.wp.com\/vps181.cesvima.upm.es\/re-hab\/wp-content\/uploads\/sites\/6\/2020\/10\/AAM.jpg?resize=560%2C315&amp;ssl=1 560w\" sizes=\"auto, (max-width: 567px) 100vw, 567px\" \/><\/p>\n<h6><strong>Mesa Redonda y preguntas.<\/strong><\/h6>\n<p><strong>Moderador: Agust\u00edn Hern\u00e1ndez Aja (IP). Doctor arquitecto \u2013 Departamento de Urban\u00edstica y Ordenaci\u00f3n Territorial \u2013 UPM. Grupo de Investigaci\u00f3n en Arquitectura, Urbanismo y Sostenibilidad (<a href=\"https:\/\/vps181.cesvima.upm.es\/\">GIAU+S<\/a>) de la\u00a0<a title=\"Escuela T\u00e9cnica Superior de Arquitectura de Madrid\" href=\"http:\/\/etsamadrid.aq.upm.es\/\" target=\"_blank\" rel=\"noopener noreferrer\">ETSAM<\/a>\/<a title=\"Universidad Polit\u00e9cnica de Madrid\" href=\"http:\/\/www.upm.es\/institucional\" target=\"_blank\" rel=\"noopener noreferrer\">UPM<\/a>\u00a0<\/strong><\/p>\n<p>A modo de cierre de la jornada se realiz\u00f3 una mesa redonda en la que fueron apareciendo reflexiones y preguntas que hab\u00edan sido motivo de exposici\u00f3n durante la tarde como otros m\u00e1s vinculados a los proyectos de investigaci\u00f3n en curso, con los que se abri\u00f3 el debate y se propusieron l\u00edneas de trabajo y estudio de cara a la reconstrucci\u00f3n de la ciudad PostCovid. Las preguntas fueron realizadas por alumnos y alumnas del M\u00e1ster Universitario en Planeamiento Urbano y Territorial y por las personas asistentes en streaming a trav\u00e9s del Canal ETSAM-UPM YouTube que fue dinamizado por la profesora contratada doctora y miembro del Grupo de Investigaci\u00f3n GIAU+S, Isabel Gonz\u00e1lez Garc\u00eda.<\/p>\n<p><img data-recalc-dims=\"1\" loading=\"lazy\" decoding=\"async\" data-attachment-id=\"8207\" data-permalink=\"https:\/\/vps181.cesvima.upm.es\/re-hab\/2020\/10\/21\/primer-seminario-red-de-investigacion-re-adap-inclusion-salud-y-bienestar\/mr2\/\" data-orig-file=\"https:\/\/i0.wp.com\/vps181.cesvima.upm.es\/re-hab\/wp-content\/uploads\/sites\/6\/2020\/10\/MR2.jpg?fit=567%2C290&amp;ssl=1\" data-orig-size=\"567,290\" data-comments-opened=\"1\" data-image-meta=\"{&quot;aperture&quot;:&quot;0&quot;,&quot;credit&quot;:&quot;&quot;,&quot;camera&quot;:&quot;&quot;,&quot;caption&quot;:&quot;&quot;,&quot;created_timestamp&quot;:&quot;0&quot;,&quot;copyright&quot;:&quot;&quot;,&quot;focal_length&quot;:&quot;0&quot;,&quot;iso&quot;:&quot;0&quot;,&quot;shutter_speed&quot;:&quot;0&quot;,&quot;title&quot;:&quot;&quot;,&quot;orientation&quot;:&quot;0&quot;}\" data-image-title=\"MR2\" data-image-description=\"\" data-image-caption=\"\" data-large-file=\"https:\/\/i0.wp.com\/vps181.cesvima.upm.es\/re-hab\/wp-content\/uploads\/sites\/6\/2020\/10\/MR2.jpg?fit=567%2C290&amp;ssl=1\" class=\"aligncenter wp-image-8207 size-full\" src=\"https:\/\/i0.wp.com\/vps181.cesvima.upm.es\/re-hab\/wp-content\/uploads\/sites\/6\/2020\/10\/MR2.jpg?resize=567%2C290&#038;ssl=1\" alt=\"\" width=\"567\" height=\"290\" srcset=\"https:\/\/i0.wp.com\/vps181.cesvima.upm.es\/re-hab\/wp-content\/uploads\/sites\/6\/2020\/10\/MR2.jpg?w=567&amp;ssl=1 567w, https:\/\/i0.wp.com\/vps181.cesvima.upm.es\/re-hab\/wp-content\/uploads\/sites\/6\/2020\/10\/MR2.jpg?resize=300%2C153&amp;ssl=1 300w, https:\/\/i0.wp.com\/vps181.cesvima.upm.es\/re-hab\/wp-content\/uploads\/sites\/6\/2020\/10\/MR2.jpg?resize=560%2C286&amp;ssl=1 560w\" sizes=\"auto, (max-width: 567px) 100vw, 567px\" \/><\/p>\n\n\n<p>Nos gustar\u00eda dar las gracias al Gabinete de Tele-Educaci\u00f3n de la Universidad Polit\u00e9cnica de Madrid (GATE-UPM) y a Ildefonso Fern\u00e1ndez L\u00f3pez de los Servicios Audiovisuales ETSAM-UPM porque sin este equipo t\u00e9cnico no hubiese sido posible.<\/p>\n","protected":false},"excerpt":{"rendered":"<p>En esta entrada se presenta una rese\u00f1a sobre el seminario titulado \u201cInclusi\u00f3n, salud y bienestar\u201d que se celebr\u00f3 el pasado d\u00eda 13 de octubre de en el marco de los seminarios de la Red de Investigaci\u00f3n \u201cResiliencia: espacios de adaptaci\u00f3n de nuestras ciudades a los nuevos retos urbanos\u201d en la que se cont\u00f3 con la [&hellip;]<\/p>\n","protected":false},"author":2,"featured_media":8127,"comment_status":"open","ping_status":"open","sticky":false,"template":"","format":"standard","meta":{"_monsterinsights_skip_tracking":false,"_monsterinsights_sitenote_active":false,"_monsterinsights_sitenote_note":"","_monsterinsights_sitenote_category":0,"_genesis_hide_title":false,"_genesis_hide_breadcrumbs":false,"_genesis_hide_singular_image":false,"_genesis_hide_footer_widgets":false,"_genesis_custom_body_class":"","_genesis_custom_post_class":"","_genesis_layout":"","jetpack_post_was_ever_published":false,"_jetpack_newsletter_access":"","_jetpack_dont_email_post_to_subs":false,"_jetpack_newsletter_tier_id":0,"_jetpack_memberships_contains_paywalled_content":false,"_jetpack_memberships_contains_paid_content":false,"footnotes":"","jetpack_publicize_message":"","jetpack_publicize_feature_enabled":true,"jetpack_social_post_already_shared":true,"jetpack_social_options":{"image_generator_settings":{"template":"highway","default_image_id":0,"font":"","enabled":false},"version":2}},"categories":[145,171,164,172],"tags":[173,139,176,87,142,174],"proyecto":[],"coauthors":[165,123],"class_list":{"0":"post-8145","1":"post","2":"type-post","3":"status-publish","4":"format-standard","5":"has-post-thumbnail","7":"category-impacto-covid-19","8":"category-plan-estatal-idi-2017-2020","9":"category-re-adap-red2018-102795-t-plan-estatal-idi-2017-2020","10":"category-seminarios-re-adap-red2018-102795-t-plan-estatal-idi-2017-2020","11":"tag-inclusion","12":"tag-movilidad","13":"tag-planificacion-urbana","14":"tag-politicas-urbanas","15":"tag-resiliencia","16":"tag-salud-urbana","17":"entry"},"aioseo_notices":[],"jetpack_publicize_connections":[],"jetpack_featured_media_url":"https:\/\/i0.wp.com\/vps181.cesvima.upm.es\/re-hab\/wp-content\/uploads\/sites\/6\/2020\/10\/2020-10-07Programa-SEM01.jpg?fit=1241%2C1359&ssl=1","jetpack_sharing_enabled":true,"_links":{"self":[{"href":"https:\/\/vps181.cesvima.upm.es\/re-hab\/wp-json\/wp\/v2\/posts\/8145","targetHints":{"allow":["GET"]}}],"collection":[{"href":"https:\/\/vps181.cesvima.upm.es\/re-hab\/wp-json\/wp\/v2\/posts"}],"about":[{"href":"https:\/\/vps181.cesvima.upm.es\/re-hab\/wp-json\/wp\/v2\/types\/post"}],"author":[{"embeddable":true,"href":"https:\/\/vps181.cesvima.upm.es\/re-hab\/wp-json\/wp\/v2\/users\/2"}],"replies":[{"embeddable":true,"href":"https:\/\/vps181.cesvima.upm.es\/re-hab\/wp-json\/wp\/v2\/comments?post=8145"}],"version-history":[{"count":58,"href":"https:\/\/vps181.cesvima.upm.es\/re-hab\/wp-json\/wp\/v2\/posts\/8145\/revisions"}],"predecessor-version":[{"id":8984,"href":"https:\/\/vps181.cesvima.upm.es\/re-hab\/wp-json\/wp\/v2\/posts\/8145\/revisions\/8984"}],"wp:featuredmedia":[{"embeddable":true,"href":"https:\/\/vps181.cesvima.upm.es\/re-hab\/wp-json\/wp\/v2\/media\/8127"}],"wp:attachment":[{"href":"https:\/\/vps181.cesvima.upm.es\/re-hab\/wp-json\/wp\/v2\/media?parent=8145"}],"wp:term":[{"taxonomy":"category","embeddable":true,"href":"https:\/\/vps181.cesvima.upm.es\/re-hab\/wp-json\/wp\/v2\/categories?post=8145"},{"taxonomy":"post_tag","embeddable":true,"href":"https:\/\/vps181.cesvima.upm.es\/re-hab\/wp-json\/wp\/v2\/tags?post=8145"},{"taxonomy":"proyecto","embeddable":true,"href":"https:\/\/vps181.cesvima.upm.es\/re-hab\/wp-json\/wp\/v2\/proyecto?post=8145"},{"taxonomy":"author","embeddable":true,"href":"https:\/\/vps181.cesvima.upm.es\/re-hab\/wp-json\/wp\/v2\/coauthors?post=8145"}],"curies":[{"name":"wp","href":"https:\/\/api.w.org\/{rel}","templated":true}]}}