{"id":8590,"date":"2021-02-22T07:00:00","date_gmt":"2021-02-22T06:00:00","guid":{"rendered":"https:\/\/vps181.cesvima.upm.es\/re-hab\/?p=8590"},"modified":"2022-01-20T12:44:47","modified_gmt":"2022-01-20T11:44:47","slug":"publicacion-informe-sobre-otros-observatorios-de-la-vulnerabilidad-urbana-y-su-vinculacion-con-las-politicas-urbanas-de-regeneracion-de-barrios-en-europa-y-espana","status":"publish","type":"post","link":"https:\/\/vps181.cesvima.upm.es\/re-hab\/2021\/02\/22\/publicacion-informe-sobre-otros-observatorios-de-la-vulnerabilidad-urbana-y-su-vinculacion-con-las-politicas-urbanas-de-regeneracion-de-barrios-en-europa-y-espana\/","title":{"rendered":"Publicaci\u00f3n \u00abInforme sobre otros Observatorios de la Vulnerabilidad Urbana y su vinculaci\u00f3n con las pol\u00edticas urbanas de regeneraci\u00f3n de barrios en Europa y Espa\u00f1a\u00bb"},"content":{"rendered":"\n<figure class=\"wp-block-gallery aligncenter columns-1 is-cropped wp-block-gallery-2 is-layout-flex wp-block-gallery-is-layout-flex\"><ul class=\"blocks-gallery-grid\"><li class=\"blocks-gallery-item\"><figure><img data-recalc-dims=\"1\" loading=\"lazy\" decoding=\"async\" width=\"791\" height=\"1024\" data-attachment-id=\"8718\" data-permalink=\"https:\/\/vps181.cesvima.upm.es\/re-hab\/2021\/02\/22\/publicacion-informe-sobre-otros-observatorios-de-la-vulnerabilidad-urbana-y-su-vinculacion-con-las-politicas-urbanas-de-regeneracion-de-barrios-en-europa-y-espana\/01-tomo_i_informe_final_pages-to-jpg-0001\/\" data-orig-file=\"https:\/\/i0.wp.com\/vps181.cesvima.upm.es\/re-hab\/wp-content\/uploads\/sites\/6\/2021\/02\/01.tomo_i_informe_final_pages-to-jpg-0001.jpg?fit=1275%2C1650&amp;ssl=1\" data-orig-size=\"1275,1650\" data-comments-opened=\"1\" data-image-meta=\"{&quot;aperture&quot;:&quot;0&quot;,&quot;credit&quot;:&quot;&quot;,&quot;camera&quot;:&quot;&quot;,&quot;caption&quot;:&quot;&quot;,&quot;created_timestamp&quot;:&quot;0&quot;,&quot;copyright&quot;:&quot;&quot;,&quot;focal_length&quot;:&quot;0&quot;,&quot;iso&quot;:&quot;0&quot;,&quot;shutter_speed&quot;:&quot;0&quot;,&quot;title&quot;:&quot;&quot;,&quot;orientation&quot;:&quot;0&quot;}\" data-image-title=\"01.tomo_i_informe_final_pages-to-jpg-0001\" data-image-description=\"\" data-image-caption=\"\" data-large-file=\"https:\/\/i0.wp.com\/vps181.cesvima.upm.es\/re-hab\/wp-content\/uploads\/sites\/6\/2021\/02\/01.tomo_i_informe_final_pages-to-jpg-0001.jpg?fit=791%2C1024&amp;ssl=1\" src=\"https:\/\/i0.wp.com\/vps181.cesvima.upm.es\/re-hab\/wp-content\/uploads\/sites\/6\/2021\/02\/01.tomo_i_informe_final_pages-to-jpg-0001.jpg?resize=791%2C1024&#038;ssl=1\" alt=\"\" data-id=\"8718\" data-full-url=\"https:\/\/vps181.cesvima.upm.es\/re-hab\/wp-content\/uploads\/sites\/6\/2021\/02\/01.tomo_i_informe_final_pages-to-jpg-0001.jpg\" data-link=\"https:\/\/vps181.cesvima.upm.es\/re-hab\/?attachment_id=8718\" class=\"wp-image-8718\" srcset=\"https:\/\/i0.wp.com\/vps181.cesvima.upm.es\/re-hab\/wp-content\/uploads\/sites\/6\/2021\/02\/01.tomo_i_informe_final_pages-to-jpg-0001.jpg?resize=791%2C1024&amp;ssl=1 791w, https:\/\/i0.wp.com\/vps181.cesvima.upm.es\/re-hab\/wp-content\/uploads\/sites\/6\/2021\/02\/01.tomo_i_informe_final_pages-to-jpg-0001.jpg?resize=232%2C300&amp;ssl=1 232w, https:\/\/i0.wp.com\/vps181.cesvima.upm.es\/re-hab\/wp-content\/uploads\/sites\/6\/2021\/02\/01.tomo_i_informe_final_pages-to-jpg-0001.jpg?resize=768%2C994&amp;ssl=1 768w, https:\/\/i0.wp.com\/vps181.cesvima.upm.es\/re-hab\/wp-content\/uploads\/sites\/6\/2021\/02\/01.tomo_i_informe_final_pages-to-jpg-0001.jpg?resize=1187%2C1536&amp;ssl=1 1187w, https:\/\/i0.wp.com\/vps181.cesvima.upm.es\/re-hab\/wp-content\/uploads\/sites\/6\/2021\/02\/01.tomo_i_informe_final_pages-to-jpg-0001.jpg?resize=560%2C725&amp;ssl=1 560w, https:\/\/i0.wp.com\/vps181.cesvima.upm.es\/re-hab\/wp-content\/uploads\/sites\/6\/2021\/02\/01.tomo_i_informe_final_pages-to-jpg-0001.jpg?w=1275&amp;ssl=1 1275w\" sizes=\"auto, (max-width: 791px) 100vw, 791px\" \/><\/figure><\/li><\/ul><\/figure>\n\n\n\n<p>Os informamos que ya est\u00e1 publicado el <em>Informe sobre otros Observatorios de la Vulnerabilidad Urbana y su vinculaci\u00f3n con las pol\u00edticas urbanas de regeneraci\u00f3n de barrios en Europa y en Espa\u00f1a<\/em>, que se ha llevado a cabo gracias al convenio firmado en diciembre de 2019 entre el Ministerio de Fomento (en la actualidad Ministerio de Transportes, Movilidad y Agenda Urbana) a trav\u00e9s de la Direcci\u00f3n General de Arquitectura, Vivienda y Suelo y el Instituto Juan de Herrera para el desarrollo del Observatorio de la Vulnerabilidad Urbana en Espa\u00f1a.<\/p>\n\n\n\n<p>El trabajo identifica y analiza varias herramientas (observatorios y\/o estrategias) para la detecci\u00f3n y\/o intervenci\u00f3n de la vulnerabilidad urbana en Europa y en Espa\u00f1a teniendo en cuenta el marco de las agendas urbanas y las pol\u00edticas existentes en materia de regeneraci\u00f3n de barrios. Para ello, se ha realizado un inventario de 33 herramientas ordenadas en fichas que pertenecen a 15 pa\u00edses europeos distintos, siendo algo menos de la mitad de ellas espa\u00f1olas (15). Adem\u00e1s, 12 de ellas analizan la vulnerabilidad a escala nacional, 11 a escala regional y 10 a escala local. En funci\u00f3n precisamente del origen y escala de estas herramientas se presentan las principales conclusiones observadas en el informe.<\/p>\n\n\n\n<p>A partir del inventario anterior se han seleccionado para su an\u00e1lisis en profundidad 10 casos de estudio (cinco europeos y cinco espa\u00f1oles), los m\u00e1s relevantes por su metodolog\u00eda de detecci\u00f3n y\/o intervenci\u00f3n.&nbsp;De los mismos, tres son de alcance nacional, cuatro de alcance regional y tres de alcance local. Por \u00faltimo, se ha llevado a cabo un an\u00e1lisis del concepto de barrio y\/o \u00e1rea vulnerable en cada uno de los Casos de Estudio seleccionados y con el objetivo de relacionar sus indicadores con las distintas dimensiones de la vulnerabilidad urbana: sociodemogr\u00e1fica, socioecon\u00f3mica, residencial, subjetiva, del marco urbano y ambiental. Para ello, se han analizado los en torno a 300 indicadores de detecci\u00f3n e intervenci\u00f3n que proponen los casos de estudio y se han agrupado en las seis dimensiones de la vulnerabilidad antes descritas. Las 3 dimensiones m\u00e1s tradicionales (sociodemogr\u00e1fica, socioecon\u00f3mica y residencial) siguen siendo las de mayor peso, pero poco a poco se incorporan otras como la ambiental y la del marco urbano, especialmente en la detecci\u00f3n.<\/p>\n\n\n\n<p>Mencionar que el informe se divide en tres tomos para facilitar la lectura del mismo, el primero de ellos recoge la metodolog\u00eda, los resultados y conclusiones del trabajo, el segundo hace referencia a al inventario de herramientas y el tercero al estudio en profundidad de los casos de estudio.<\/p>\n\n\n\n<p>Este informe adem\u00e1s de encontrarse en la p\u00e1gina web del Ministerio de Transportes, Movilidad y Agenda Urbana (<a href=\"https:\/\/www.mitma.gob.es\/\" target=\"_blank\" rel=\"noreferrer noopener\">MITMA<\/a>) en la secci\u00f3n del <a href=\"https:\/\/www.mitma.es\/arquitectura-vivienda-y-suelo\/urbanismo-y-politica-de-suelo\/observatorio-de-la-vulnerabilidad-urbana#:~:text=El%20Observatorio%20de%20la%20Vulnerabilidad,de%2030%20de%20octubre%2C%20porLLANO\/DIRECCIONES_GENERALES\/ARQ_VIVIENDA\/SUELO_Y_POLITICAS\/OBSERVATORIO\/\" target=\"_blank\" rel=\"noreferrer noopener\">Observatorio de la Vulnerabilidad Urbana<\/a>, est\u00e1 en el Archivo Digital de la Universidad Polit\u00e9cnica de Madrid y se pueden descargar a trav\u00e9s de este <a href=\"http:\/\/oa.upm.es\/66041\/\" target=\"_blank\" rel=\"noreferrer noopener\">enlace<\/a>.<\/p>\n\n\n\n<p>M\u00e1s informaci\u00f3n del proyecto <a href=\"https:\/\/vps181.cesvima.upm.es\/re-hab\/?page_id=8566\" target=\"_blank\" rel=\"noreferrer noopener\">aqu\u00ed<\/a>.<\/p>\n\n\n\n<p><\/p>\n","protected":false},"excerpt":{"rendered":"<p>Ya est\u00e1 publicado el Informe sobre otros Observatorios de la Vulnerabilidad Urbana y su vinculaci\u00f3n con las pol\u00edticas urbanas de regeneraci\u00f3n de barrios en Europa y en Espa\u00f1a. El trabajo identifica y analiza varias herramientas (observatorios y\/o estrategias) para la detecci\u00f3n y\/o intervenci\u00f3n de la vulnerabilidad urbana teniendo en cuenta el marco de las agendas urbanas y las pol\u00edticas en materia de regeneraci\u00f3n de barrios.<\/p>\n","protected":false},"author":10,"featured_media":8718,"comment_status":"open","ping_status":"open","sticky":false,"template":"","format":"standard","meta":{"_monsterinsights_skip_tracking":false,"_monsterinsights_sitenote_active":false,"_monsterinsights_sitenote_note":"","_monsterinsights_sitenote_category":0,"_genesis_hide_title":false,"_genesis_hide_breadcrumbs":false,"_genesis_hide_singular_image":false,"_genesis_hide_footer_widgets":false,"_genesis_custom_body_class":"","_genesis_custom_post_class":"","_genesis_layout":"","jetpack_post_was_ever_published":false,"_jetpack_newsletter_access":"","_jetpack_dont_email_post_to_subs":false,"_jetpack_newsletter_tier_id":0,"_jetpack_memberships_contains_paywalled_content":false,"_jetpack_memberships_contains_paid_content":false,"footnotes":"","jetpack_publicize_message":"","jetpack_publicize_feature_enabled":true,"jetpack_social_post_already_shared":true,"jetpack_social_options":{"image_generator_settings":{"template":"highway","default_image_id":0,"font":"","enabled":false},"version":2}},"categories":[184,2,9],"tags":[190,87,88,109],"proyecto":[],"coauthors":[123,165,124,149,119,121,153],"class_list":{"0":"post-8590","1":"post","2":"type-post","3":"status-publish","4":"format-standard","5":"has-post-thumbnail","7":"category-barrios-vulnerables","8":"category-casos","9":"category-publicaciones","10":"tag-observatorios-vulnerabilidad-urbana","11":"tag-politicas-urbanas","12":"tag-regeneracion-urbana","13":"tag-vulnerabilidad","14":"entry"},"aioseo_notices":[],"jetpack_publicize_connections":[],"jetpack_featured_media_url":"https:\/\/i0.wp.com\/vps181.cesvima.upm.es\/re-hab\/wp-content\/uploads\/sites\/6\/2021\/02\/01.tomo_i_informe_final_pages-to-jpg-0001.jpg?fit=1275%2C1650&ssl=1","jetpack_sharing_enabled":true,"_links":{"self":[{"href":"https:\/\/vps181.cesvima.upm.es\/re-hab\/wp-json\/wp\/v2\/posts\/8590","targetHints":{"allow":["GET"]}}],"collection":[{"href":"https:\/\/vps181.cesvima.upm.es\/re-hab\/wp-json\/wp\/v2\/posts"}],"about":[{"href":"https:\/\/vps181.cesvima.upm.es\/re-hab\/wp-json\/wp\/v2\/types\/post"}],"author":[{"embeddable":true,"href":"https:\/\/vps181.cesvima.upm.es\/re-hab\/wp-json\/wp\/v2\/users\/10"}],"replies":[{"embeddable":true,"href":"https:\/\/vps181.cesvima.upm.es\/re-hab\/wp-json\/wp\/v2\/comments?post=8590"}],"version-history":[{"count":19,"href":"https:\/\/vps181.cesvima.upm.es\/re-hab\/wp-json\/wp\/v2\/posts\/8590\/revisions"}],"predecessor-version":[{"id":9625,"href":"https:\/\/vps181.cesvima.upm.es\/re-hab\/wp-json\/wp\/v2\/posts\/8590\/revisions\/9625"}],"wp:featuredmedia":[{"embeddable":true,"href":"https:\/\/vps181.cesvima.upm.es\/re-hab\/wp-json\/wp\/v2\/media\/8718"}],"wp:attachment":[{"href":"https:\/\/vps181.cesvima.upm.es\/re-hab\/wp-json\/wp\/v2\/media?parent=8590"}],"wp:term":[{"taxonomy":"category","embeddable":true,"href":"https:\/\/vps181.cesvima.upm.es\/re-hab\/wp-json\/wp\/v2\/categories?post=8590"},{"taxonomy":"post_tag","embeddable":true,"href":"https:\/\/vps181.cesvima.upm.es\/re-hab\/wp-json\/wp\/v2\/tags?post=8590"},{"taxonomy":"proyecto","embeddable":true,"href":"https:\/\/vps181.cesvima.upm.es\/re-hab\/wp-json\/wp\/v2\/proyecto?post=8590"},{"taxonomy":"author","embeddable":true,"href":"https:\/\/vps181.cesvima.upm.es\/re-hab\/wp-json\/wp\/v2\/coauthors?post=8590"}],"curies":[{"name":"wp","href":"https:\/\/api.w.org\/{rel}","templated":true}]}}