{"id":1240,"date":"2014-09-29T12:15:30","date_gmt":"2014-09-29T10:15:30","guid":{"rendered":"http:\/\/www2.aq.upm.es\/Departamentos\/Urbanismo\/blogs\/paec-sp\/?p=1240"},"modified":"2014-09-29T12:15:30","modified_gmt":"2014-09-29T10:15:30","slug":"taller-agroecolog%e2%80%8bia-urbanismo-y-barrios-en-transicion","status":"publish","type":"post","link":"https:\/\/vps181.cesvima.upm.es\/urb-sis-agra\/taller-agroecolog%e2%80%8bia-urbanismo-y-barrios-en-transicion\/","title":{"rendered":"Taller Agroecolog\u200b\u00eda, urbanismo y barrios en transici\u00f3n"},"content":{"rendered":"<h2>Mi\u00e9rcoles 1 de octubre 2014, de 15.00 a 18.00<\/h2>\n<p><a href=\"https:\/\/i0.wp.com\/vps181.cesvima.upm.es\/urb-sis-agra\/wp-content\/uploads\/sites\/8\/2014\/09\/tallerPaecweb.jpg?ssl=1\"><img data-recalc-dims=\"1\" loading=\"lazy\" decoding=\"async\" class=\"alignleft size-medium wp-image-1241\" src=\"https:\/\/i0.wp.com\/vps181.cesvima.upm.es\/urb-sis-agra\/wp-content\/uploads\/sites\/8\/2014\/09\/tallerPaecweb.jpg?resize=300%2C260&#038;ssl=1\" alt=\"tallerPaecweb\" width=\"300\" height=\"260\" \/><\/a>\u00a0 El mi\u00e9rcoles 1 de octubre de 15.00 a 18.00 el equipo PAEc y el colectivo<a href=\"http:\/\/www.surcosurbanos.org\/inicio.html\" target=\"_blank\" rel=\"noopener noreferrer\"> Surcos Urbanos<\/a> organizamos un taller abierto,\u00a0dentro del marco del proyecto I+D PAEc. El objetivo es, a partir de los resultados del\u00a0proyecto,\u00a0 intercambiar ideas y aprendizajes sobre experiencias de transformaci\u00f3n urbana y social desde movimientos locales, que se apoyan en la agroecolog\u00eda y en la reconexi\u00f3n con el territorio pr\u00f3ximo. Y explorar l\u00edneas comunes y posibilidades de interacci\u00f3n y apoyo mutuo. <strong>Lugar:<\/strong> Escuela de Arquitectura de la UPM (Metro Ciudad Universitaria o Moncloa). Sala de profesores en Direcci\u00f3n (1\u00aa planta edificio principal)<br \/>\n<!--more--><\/p>\n<h2><span style=\"color: #008000\">Programa:<\/span><\/h2>\n<p>15.00 -15.20 Breve presentaci\u00f3n proyecto, participantes y din\u00e1mica del taller<br \/>\n15.20 &#8211; 16.20 Trabajo en 2 \u00f3 4 grupos sobre servicios de los ecosistemas: Metabolismo urbano \/ Econom\u00eda social \/ Redes ecol\u00f3gicas \/ Empoderamiento ciudadano<br \/>\n16.20 &#8211; 16.35 Descanso<br \/>\n16.35 &#8211; 18.00 Puesta en com\u00fan y perspectivas<\/p>\n<h2><span style=\"color: #008000\">Participantes:<\/span><\/h2>\n<p><strong>Marta Guti\u00e9rrez Blasco<\/strong>, Decana Colegio Arquitectos Granada e impulsora del Plan Pais (mercado social, barrio en transici\u00f3n&#8230;<br \/>\n<strong>Emilio Santiago Mui\u00f1o<\/strong> <a href=\"http:\/\/mostolessinpetroleo.blogspot.com.es\/\" target=\"_blank\" rel=\"noopener noreferrer\">Instituto de Transici\u00f3n Rompe el C\u00edrculo de M\u00f3stoles<\/a><br \/>\n<strong>Henk Renting<\/strong>, de <a href=\"http:\/\/www.ruaf.org\/\" target=\"_blank\" rel=\"noopener noreferrer\">RUAF<\/a> Fundacion Agricultura Urbana (Amsterdam)<br \/>\n<strong>Franco Llobera<\/strong>, de Red Terrae (Territorios de Reserva Agroecol\u00f3gicos)<br \/>\n<strong>Jos\u00e9 Luis Fern\u00e1ndez Casadevante<\/strong>, de la FRAVM<br \/>\n<strong>Javier Garrido <\/strong>, <a href=\"http:\/\/redhuertosurbanosmadrid.wordpress.com\/\" target=\"_blank\" rel=\"noopener noreferrer\">Red de Huertos Urbanos de Madrid<\/a><br \/>\n<strong>Ana Sanz<\/strong>, CSA La Morada<br \/>\n<strong>Jos\u00e9 Manuel Fenollar<\/strong>\u00a0<a href=\"http:\/\/zarzalejoentransicion.blogspot.com.es\/\" target=\"_blank\" rel=\"noopener noreferrer\">Zarzalejo en Transici\u00f3n<\/a><br \/>\n<strong>Carolina Yacam\u00e1n <\/strong><a href=\"www.heliconia.es\" target=\"_blank\" rel=\"noopener noreferrer\">Heliconia<\/a>, <a href=\"www.parqueagrariofuenlabrada.es\" target=\"_blank\" rel=\"noopener noreferrer\">Parque Agrario de Fuenlabrada<br \/>\n<\/a><strong>Coordinaci\u00f3n del taller: <\/strong> Marian Sim\u00f3n<br \/>\n<strong>Facilitadoras<\/strong>: Ver\u00f3nica Hern\u00e1ndez, Ana\u00a0Zazo<br \/>\nDespu\u00e9s, en Tabacalera tendr\u00e1 lugar una de las sesiones del XII Curso de Agroecolog\u00eda de BAH a la que os animamos a sumaros: 19.00 &#8211; 21.30 Barrios en transici\u00f3n Experiencias en marcha de poder ciudadano, agroecolog\u00eda y econom\u00eda sostenible.<\/p>\n","protected":false},"excerpt":{"rendered":"<p>Mi\u00e9rcoles 1 de octubre 2014, de 15.00 a 18.00 \u00a0 El mi\u00e9rcoles 1 de octubre de 15.00 a 18.00 el equipo PAEc y el colectivo Surcos Urbanos organizamos un taller abierto,\u00a0dentro del marco del proyecto I+D PAEc. El objetivo es, a partir de los resultados del\u00a0proyecto,\u00a0 intercambiar ideas y aprendizajes sobre experiencias de transformaci\u00f3n urbana [&hellip;]<\/p>\n","protected":false},"author":24,"featured_media":0,"comment_status":"open","ping_status":"open","sticky":false,"template":"","format":"standard","meta":{"_genesis_hide_title":false,"_genesis_hide_breadcrumbs":false,"_genesis_hide_singular_image":false,"_genesis_hide_footer_widgets":false,"_genesis_custom_body_class":"","_genesis_custom_post_class":"","_genesis_layout":"","jetpack_post_was_ever_published":false,"_jetpack_newsletter_access":"","_jetpack_dont_email_post_to_subs":false,"_jetpack_newsletter_tier_id":0,"_jetpack_memberships_contains_paywalled_content":false,"_jetpack_memberships_contains_paid_content":false,"footnotes":""},"categories":[3,5],"tags":[22,25,26,43,75,78,93,104,106,107,117,122,127,128,130,135,137,146,154,160,168,186,187,188,194,218,223,244,247],"coauthors":[],"class_list":{"0":"post-1240","1":"post","2":"type-post","3":"status-publish","4":"format-standard","6":"category-congresos","7":"category-noticias","8":"tag-agroeocologia","9":"tag-ana-sanz","10":"tag-ana-zazo","11":"tag-carolina-yacaman","12":"tag-economia-social","13":"tag-emilio-santiago","14":"tag-franco-llobera","15":"tag-granada-en-transicion","16":"tag-heliconia","17":"tag-henk-renting","18":"tag-instituto-transicion-mostoles","19":"tag-javier-garrido","20":"tag-jose-luis-fernandez-casadevante","21":"tag-jose-manuel-fenollar","22":"tag-la-morada","23":"tag-marian-simon","24":"tag-marta-gutierrez","25":"tag-movimientos-sociales","26":"tag-paec","27":"tag-parque-agrario-fuenlabrada","28":"tag-plan-pais","29":"tag-red-huertos-urbanos","30":"tag-red-terrae","31":"tag-redes-ecologicas","32":"tag-ruaf","33":"tag-surcos-urbanos","34":"tag-taller-evaluacion","35":"tag-veronica-hernandez","36":"tag-zarzalejo-en-transicion","37":"entry"},"aioseo_notices":[],"jetpack_featured_media_url":"","featured_image_src":null,"featured_image_src_square":null,"author_info":{"display_name":"Marian Simon Rojo","author_link":"https:\/\/vps181.cesvima.upm.es\/urb-sis-agra\/author\/marian\/"},"jetpack_sharing_enabled":true,"_links":{"self":[{"href":"https:\/\/vps181.cesvima.upm.es\/urb-sis-agra\/wp-json\/wp\/v2\/posts\/1240","targetHints":{"allow":["GET"]}}],"collection":[{"href":"https:\/\/vps181.cesvima.upm.es\/urb-sis-agra\/wp-json\/wp\/v2\/posts"}],"about":[{"href":"https:\/\/vps181.cesvima.upm.es\/urb-sis-agra\/wp-json\/wp\/v2\/types\/post"}],"author":[{"embeddable":true,"href":"https:\/\/vps181.cesvima.upm.es\/urb-sis-agra\/wp-json\/wp\/v2\/users\/24"}],"replies":[{"embeddable":true,"href":"https:\/\/vps181.cesvima.upm.es\/urb-sis-agra\/wp-json\/wp\/v2\/comments?post=1240"}],"version-history":[{"count":0,"href":"https:\/\/vps181.cesvima.upm.es\/urb-sis-agra\/wp-json\/wp\/v2\/posts\/1240\/revisions"}],"wp:attachment":[{"href":"https:\/\/vps181.cesvima.upm.es\/urb-sis-agra\/wp-json\/wp\/v2\/media?parent=1240"}],"wp:term":[{"taxonomy":"category","embeddable":true,"href":"https:\/\/vps181.cesvima.upm.es\/urb-sis-agra\/wp-json\/wp\/v2\/categories?post=1240"},{"taxonomy":"post_tag","embeddable":true,"href":"https:\/\/vps181.cesvima.upm.es\/urb-sis-agra\/wp-json\/wp\/v2\/tags?post=1240"},{"taxonomy":"author","embeddable":true,"href":"https:\/\/vps181.cesvima.upm.es\/urb-sis-agra\/wp-json\/wp\/v2\/coauthors?post=1240"}],"curies":[{"name":"wp","href":"https:\/\/api.w.org\/{rel}","templated":true}]}}