{"id":1883,"date":"2021-07-19T14:49:03","date_gmt":"2021-07-19T12:49:03","guid":{"rendered":"https:\/\/vps181.cesvima.upm.es\/urb-sis-agra\/?p=1883"},"modified":"2021-11-15T13:42:57","modified_gmt":"2021-11-15T12:42:57","slug":"oferta-trabajo-secretaria-tecnica-planeamiento-agroecologico","status":"publish","type":"post","link":"https:\/\/vps181.cesvima.upm.es\/urb-sis-agra\/oferta-trabajo-secretaria-tecnica-planeamiento-agroecologico\/","title":{"rendered":"Oferta trabajo: Secretar\u00eda t\u00e9cnica Planeamiento Agroecol\u00f3gico"},"content":{"rendered":"\n<p>La alimentaci\u00f3n est\u00e1 en el ojo del hurac\u00e1n. Y nos toca de cerca a las ciudades. En abril de 2021 se constituy\u00f3 el Grupo de Trabajo \u00ab<a href=\"https:\/\/www.ciudadesagroecologicas.eu\/wp-content\/uploads\/2021\/04\/GT_Alimentacion-y-Urbanismo.pdf\">Planeamiento y Sistemas Alimentarios Agroecol\u00f3gicos<\/a>\u00bb de la <a href=\"https:\/\/www.ciudadesagroecologicas.eu\">Red de Ciudades por la Agroecolog\u00eda.<\/a> As\u00ed se daba continuidad al seminario que abord\u00f3 c\u00f3mo los planes espaciales pueden contribuir a la transici\u00f3n de los sistemas alimentarios hacia modelos agroecol\u00f3gicos y de mayor proximidad.<\/p>\n\n\n\n<p>En diciembre de 2021 se celebrar\u00e1 una<a href=\"http:\/\/l https:\/\/vps181.cesvima.upm.es\/urb-sis-agra\/planeamiento-urbanismo-agroecologico-conferencia-internacional\/\"> Conferencia Internacional <\/a>en la que se presentar\u00e1n los resultados, adem\u00e1s de las lineas en las que trabaja <a href=\"https:\/\/aesopsfp.wordpress.com\/\">AESOP-Sustainable Food Planning<\/a> y distintas universidades latinoamericanas. <\/p>\n\n\n\n<p>Abrimos un periodo de candidaturas para trabajar en la Secretar\u00eda T\u00e9cnica, en colaboraci\u00f3n con el GT y la secretar\u00eda de la Red de Ciudades por la Agroecolog\u00eda.<\/p>\n\n\n\n<p><strong>Perfil<\/strong>: Beca de colaboraci\u00f3n<\/p>\n\n\n\n<p><strong>Tareas a desarrollar<\/strong>: Secretar\u00eda t\u00e9cnica de la conferencia: Gesti\u00f3n de documentaci\u00f3n, ponentes y asistentes.&nbsp; Preparaci\u00f3n de exposici\u00f3n y materiales de difusi\u00f3n, etc<\/p>\n\n\n\n<p><strong>Centro de Trabajo<\/strong>: ETSAM<\/p>\n\n\n\n<p><strong>Jornada laboral<\/strong>: 12 horas\/semana<\/p>\n\n\n\n<p><strong>Salario bruto<\/strong> : 2.500 euros<\/p>\n\n\n\n<p><strong>Duraci\u00f3n<\/strong>: 14 semanas. Fecha inicio prevista: 07.09. 2021 <\/p>\n\n\n\n<p><strong>Requisitos<\/strong>: Estudiante que haya cursado satisfactoriamente la asignatura \u00abPlaneamiento y Territorio\u00bb del Grado en fundamentos de la arquitectura. Recomendable conocimiento&nbsp; de agroecolog\u00eda y planes de sistemas alimentarios sostenibles, a\u00ed como en gesti\u00f3n de eventos y dise\u00f1o, difusi\u00f3n de convocatorias, informaci\u00f3n y resultados.<\/p>\n\n\n\n<p><strong>Personas interesadas remitir curriculum vitae a<\/strong>: m.simon(arroba)upm.es<\/p>\n\n\n\n<p>El plazo de adminis\u00f3n de CV finaliza el 29 de julio a las 14.00 horas<\/p>\n\n\n\n<p><\/p>\n","protected":false},"excerpt":{"rendered":"<p>La alimentaci\u00f3n est\u00e1 en el ojo del hurac\u00e1n. Y nos toca de cerca a las ciudades. En abril de 2021 se constituy\u00f3 el Grupo de Trabajo \u00abPlaneamiento y Sistemas Alimentarios Agroecol\u00f3gicos\u00bb de la Red de Ciudades por la Agroecolog\u00eda. As\u00ed se daba continuidad al seminario que abord\u00f3 c\u00f3mo los planes espaciales pueden contribuir a la [&hellip;]<\/p>\n","protected":false},"author":24,"featured_media":1885,"comment_status":"open","ping_status":"open","sticky":false,"template":"","format":"standard","meta":{"_genesis_hide_title":false,"_genesis_hide_breadcrumbs":false,"_genesis_hide_singular_image":false,"_genesis_hide_footer_widgets":false,"_genesis_custom_body_class":"","_genesis_custom_post_class":"","_genesis_layout":"","jetpack_post_was_ever_published":false,"_jetpack_newsletter_access":"","_jetpack_dont_email_post_to_subs":false,"_jetpack_newsletter_tier_id":0,"_jetpack_memberships_contains_paywalled_content":false,"_jetpack_memberships_contains_paid_content":false,"footnotes":""},"categories":[3,5],"tags":[151,278,231,238],"coauthors":[253],"class_list":{"0":"post-1883","1":"post","2":"type-post","3":"status-publish","4":"format-standard","5":"has-post-thumbnail","7":"category-congresos","8":"category-noticias","9":"tag-oferta-trabajo","10":"tag-planeamiento","11":"tag-transicion-agroecologica","12":"tag-urbanismo-agroecologico","13":"entry"},"aioseo_notices":[],"jetpack_featured_media_url":"https:\/\/i0.wp.com\/vps181.cesvima.upm.es\/urb-sis-agra\/wp-content\/uploads\/sites\/8\/2021\/07\/WebinarioPlanificacionTerritorial.png?fit=444%2C370&ssl=1","featured_image_src":"https:\/\/i0.wp.com\/vps181.cesvima.upm.es\/urb-sis-agra\/wp-content\/uploads\/sites\/8\/2021\/07\/WebinarioPlanificacionTerritorial.png?resize=444%2C370&ssl=1","featured_image_src_square":"https:\/\/i0.wp.com\/vps181.cesvima.upm.es\/urb-sis-agra\/wp-content\/uploads\/sites\/8\/2021\/07\/WebinarioPlanificacionTerritorial.png?resize=444%2C370&ssl=1","author_info":{"display_name":"Marian Simon Rojo","author_link":"https:\/\/vps181.cesvima.upm.es\/urb-sis-agra\/author\/marian\/"},"jetpack_sharing_enabled":true,"_links":{"self":[{"href":"https:\/\/vps181.cesvima.upm.es\/urb-sis-agra\/wp-json\/wp\/v2\/posts\/1883","targetHints":{"allow":["GET"]}}],"collection":[{"href":"https:\/\/vps181.cesvima.upm.es\/urb-sis-agra\/wp-json\/wp\/v2\/posts"}],"about":[{"href":"https:\/\/vps181.cesvima.upm.es\/urb-sis-agra\/wp-json\/wp\/v2\/types\/post"}],"author":[{"embeddable":true,"href":"https:\/\/vps181.cesvima.upm.es\/urb-sis-agra\/wp-json\/wp\/v2\/users\/24"}],"replies":[{"embeddable":true,"href":"https:\/\/vps181.cesvima.upm.es\/urb-sis-agra\/wp-json\/wp\/v2\/comments?post=1883"}],"version-history":[{"count":4,"href":"https:\/\/vps181.cesvima.upm.es\/urb-sis-agra\/wp-json\/wp\/v2\/posts\/1883\/revisions"}],"predecessor-version":[{"id":1928,"href":"https:\/\/vps181.cesvima.upm.es\/urb-sis-agra\/wp-json\/wp\/v2\/posts\/1883\/revisions\/1928"}],"wp:featuredmedia":[{"embeddable":true,"href":"https:\/\/vps181.cesvima.upm.es\/urb-sis-agra\/wp-json\/wp\/v2\/media\/1885"}],"wp:attachment":[{"href":"https:\/\/vps181.cesvima.upm.es\/urb-sis-agra\/wp-json\/wp\/v2\/media?parent=1883"}],"wp:term":[{"taxonomy":"category","embeddable":true,"href":"https:\/\/vps181.cesvima.upm.es\/urb-sis-agra\/wp-json\/wp\/v2\/categories?post=1883"},{"taxonomy":"post_tag","embeddable":true,"href":"https:\/\/vps181.cesvima.upm.es\/urb-sis-agra\/wp-json\/wp\/v2\/tags?post=1883"},{"taxonomy":"author","embeddable":true,"href":"https:\/\/vps181.cesvima.upm.es\/urb-sis-agra\/wp-json\/wp\/v2\/coauthors?post=1883"}],"curies":[{"name":"wp","href":"https:\/\/api.w.org\/{rel}","templated":true}]}}