{"id":338,"date":"2017-10-02T08:13:00","date_gmt":"2017-10-02T08:13:00","guid":{"rendered":"http:\/\/www2.aq.upm.es\/Departamentos\/Urbanismo\/blogs\/vallecas-upm\/?p=338"},"modified":"2017-10-02T08:13:00","modified_gmt":"2017-10-02T08:13:00","slug":"vivienda","status":"publish","type":"post","link":"https:\/\/vps181.cesvima.upm.es\/usvk-ebvk-2017\/2017\/10\/02\/vivienda\/","title":{"rendered":"Vivienda y espacio urbano"},"content":{"rendered":"<p style=\"text-align: right\" align=\"justify\"><span style=\"font-size: 10pt;color: #6ccc4a\">Raquel Rodr\u00edguez Alonso y Rafael C\u00f3rdoba Hern\u00e1ndez<\/span><\/p>\n<p align=\"justify\">El estallido de la burbuja inmobiliaria ha puesto en tela de juicio el conjunto de las pol\u00edticas de vivienda y suelo desarrolladas en Espa\u00f1a desde los a\u00f1os sesenta. Las consecuencias sociales, econ\u00f3micas y ambientales de dicho proceso han sido y son dif\u00edcilmente asumibles en la \u00e9poca de crisis econ\u00f3mica en la que el pa\u00eds sigue inmerso. En este contexto, las herramientas heredadas del periodo anterior no han servido para controlar los efectos adversos y muchas de las dise\u00f1adas con posterioridad ahondan en el modelo anterior sin aportar alternativas reales a un nuevo modelo que cada d\u00eda es m\u00e1s necesario.<\/p>\n<p align=\"justify\"><img loading=\"lazy\" decoding=\"async\" class=\"alignleft wp-image-126\" src=\"https:\/\/vps181.cesvima.upm.es\/usvk-ebvk-2017\/wp-content\/uploads\/sites\/7\/2017\/09\/vivienda-y-espacio-urbano-300x220.jpg\" alt=\"\" width=\"200\" height=\"147\" srcset=\"https:\/\/vps181.cesvima.upm.es\/usvk-ebvk-2017\/wp-content\/uploads\/sites\/7\/2017\/09\/vivienda-y-espacio-urbano-300x220.jpg 300w, https:\/\/vps181.cesvima.upm.es\/usvk-ebvk-2017\/wp-content\/uploads\/sites\/7\/2017\/09\/vivienda-y-espacio-urbano.jpg 746w\" sizes=\"auto, (max-width: 200px) 100vw, 200px\" \/>Por ello, la<strong> Universidad Social de Vallecas (<a href=\"http:\/\/www2.aq.upm.es\/Departamentos\/Urbanismo\/blogs\/vallecas-upm\/usvk\/\" target=\"_blank\" rel=\"noopener noreferrer\"><span style=\"color: #6ccc4a\">US<\/span>VK<\/a>)<\/strong> incluye el curso <strong>Vivienda y espacio urbano<\/strong>, cuyo principal objetivo, ser\u00e1 ahondar en los retos y alternativas que supongan una transformaci\u00f3n a corto, medio y largo plazo del modelo heredado, profundizando tanto en las necesidades sociales actuales como en la relaci\u00f3n de la pol\u00edtica de vivienda con el planeamiento urban\u00edstico y territorial, con especial atenci\u00f3n a las posibilidades y herramientas que pueden ser puestas en marcha desde la administraci\u00f3n local.<\/p>\n<p align=\"justify\">El curso,\u00a0dirigido por los arquitectos urbanistas y profesores en la Universidad Polit\u00e9cnica de Madrid, Raquel Rodr\u00edguez y Rafael C\u00f3rdoba, se divide en cuatro m\u00f3dulos que son independientes entre s\u00ed pero que profundizan poco a poco en el objetivo principal del curso. Los m\u00f3dulos desarrollar\u00e1n diferentes actividades: clases magistrales, en las que podremos escuchar a reconocidos expertos en el tema como <a href=\"http:\/\/www.elrincondenaredo.org\/\" target=\"_blank\" rel=\"noopener noreferrer\">Jos\u00e9 Manuel Naredo\u00a0<\/a> o <a href=\"http:\/\/www.urcosos.net\/\" target=\"_blank\" rel=\"noopener noreferrer\">Juli Ponce<\/a>; mesas redondas en la que se profundizar\u00e1 en aspectos concretos con la presencia del Jos\u00e9 Manuel Calvo (concejal de Concejal de Desarrollo Urbano Sostenible del Ayto. de Madrid), el <a href=\"http:\/\/observatoridesc.org\/\" target=\"_blank\" rel=\"noopener noreferrer\">Observatori DESC<\/a> de Catalu\u00f1a, y actividades pr\u00e1cticas en las que se apliquen o ejemplifiquen los conceptos descritos en las dos sesiones anteriores, ya sea a trav\u00e9s de una experiencia concreta como la remodelaci\u00f3n de barrios en Vallecas o el <a href=\"http:\/\/habitatge.barcelona\/es\/quienes-somos\/plan-por-el-derecho-vivienda-2016-2025\" target=\"_blank\" rel=\"noopener noreferrer\">plan de vivienda de Barcelona<\/a>, o talleres sobre tem\u00e1ticas concretas.<\/p>\n<p align=\"justify\"><span style=\"color: #6ccc4a\"><strong>M\u00c1S INFORMACI\u00d3N<\/strong><\/span><br \/>\n<span style=\"color: #6ccc4a;font-size: 10pt\"><a href=\"http:\/\/www2.aq.upm.es\/Departamentos\/Urbanismo\/blogs\/vallecas-upm\/files\/2017\/09\/vivienda_y_espacio_urbano.pdf\" target=\"_blank\" rel=\"noopener noreferrer\">Dossier del curso<\/a><br \/>\nInscripci\u00f3n: <a href=\"http:\/\/www.upm.es\/unisocial\" target=\"_blank\" rel=\"noopener noreferrer\">http\/:www.upm.es\/unisocial<\/a><\/span><br \/>\n<span style=\"color: #6ccc4a;font-size: 10pt\">Documentaci\u00f3n complementaria:<\/span><br \/>\n<span style=\"font-size: 10pt\"> El rinc\u00f3n de\u00a0 Naredo: <a href=\"http:\/\/www.elrincondenaredo.org\/\">http:\/\/www.elrincondenaredo.org\/<\/a><\/span><br \/>\n<span style=\"font-size: 10pt\"> Urcosos: <a href=\"http:\/\/www.urcosos.net\/\">http:\/\/www.urcosos.net\/<\/a><\/span><br \/>\n<span style=\"font-size: 10pt\"> Observatori DESC: <a href=\"http:\/\/observatoridesc.org\/\">http:\/\/observatoridesc.org\/<\/a><\/span><br \/>\n<span style=\"font-size: 10pt\"> Plan de vivienda de Barcelona: <a href=\"http:\/\/habitatge.barcelona\/es\/quienes-somos\/plan-por-el-derecho-vivienda-2016-2025\">http:\/\/habitatge.barcelona\/es\/quienes-somos\/plan-por-el-derecho-vivienda-2016-2025<\/a><\/span><\/p>\n<p align=\"justify\"><strong><span style=\"color: #6ccc4a\"><span style=\"color: #6ccc4a\">HORARIO CURSO VIVIENDA Y ESPACIO URBANO<\/span><\/span><\/strong><\/p>\n<p align=\"justify\"><img loading=\"lazy\" decoding=\"async\" class=\"alignnone wp-image-651 size-full\" src=\"https:\/\/vps181.cesvima.upm.es\/usvk-ebvk-2017\/wp-content\/uploads\/sites\/7\/2017\/10\/Horario-vivienda-e1508255019741.jpg\" alt=\"\" width=\"2189\" height=\"2847\" srcset=\"https:\/\/vps181.cesvima.upm.es\/usvk-ebvk-2017\/wp-content\/uploads\/sites\/7\/2017\/10\/Horario-vivienda-e1508255019741.jpg 2189w, https:\/\/vps181.cesvima.upm.es\/usvk-ebvk-2017\/wp-content\/uploads\/sites\/7\/2017\/10\/Horario-vivienda-e1508255019741-231x300.jpg 231w, https:\/\/vps181.cesvima.upm.es\/usvk-ebvk-2017\/wp-content\/uploads\/sites\/7\/2017\/10\/Horario-vivienda-e1508255019741-768x999.jpg 768w, https:\/\/vps181.cesvima.upm.es\/usvk-ebvk-2017\/wp-content\/uploads\/sites\/7\/2017\/10\/Horario-vivienda-e1508255019741-787x1024.jpg 787w\" sizes=\"auto, (max-width: 767px) 89vw, (max-width: 1000px) 54vw, (max-width: 1071px) 543px, 580px\" \/><\/p>\n<p align=\"justify\">\n","protected":false},"excerpt":{"rendered":"<p>Raquel Rodr\u00edguez Alonso y Rafael C\u00f3rdoba Hern\u00e1ndez El estallido de la burbuja inmobiliaria ha puesto en tela de juicio el conjunto de las pol\u00edticas de vivienda y suelo desarrolladas en Espa\u00f1a desde los a\u00f1os sesenta. Las consecuencias sociales, econ\u00f3micas y ambientales de dicho proceso han sido y son dif\u00edcilmente asumibles en la \u00e9poca de crisis &hellip; <\/p>\n<p class=\"link-more\"><a href=\"https:\/\/vps181.cesvima.upm.es\/usvk-ebvk-2017\/2017\/10\/02\/vivienda\/\" class=\"more-link\">Continuar leyendo<span class=\"screen-reader-text\"> \u00abVivienda y espacio urbano\u00bb<\/span><\/a><\/p>\n","protected":false},"author":1,"featured_media":0,"comment_status":"open","ping_status":"open","sticky":false,"template":"","format":"standard","meta":{"_jetpack_memberships_contains_paid_content":false,"footnotes":""},"categories":[4],"tags":[13,16,26,27,31],"coauthors":[],"class_list":["post-338","post","type-post","status-publish","format-standard","hentry","category-universiada-social","tag-cursos-usvk","tag-espacio-urbano","tag-puente-de-vallecas","tag-remodelacion-de-barrios","tag-vivienda"],"aioseo_notices":[],"jetpack_featured_media_url":"","jetpack_sharing_enabled":true,"_links":{"self":[{"href":"https:\/\/vps181.cesvima.upm.es\/usvk-ebvk-2017\/wp-json\/wp\/v2\/posts\/338","targetHints":{"allow":["GET"]}}],"collection":[{"href":"https:\/\/vps181.cesvima.upm.es\/usvk-ebvk-2017\/wp-json\/wp\/v2\/posts"}],"about":[{"href":"https:\/\/vps181.cesvima.upm.es\/usvk-ebvk-2017\/wp-json\/wp\/v2\/types\/post"}],"author":[{"embeddable":true,"href":"https:\/\/vps181.cesvima.upm.es\/usvk-ebvk-2017\/wp-json\/wp\/v2\/users\/1"}],"replies":[{"embeddable":true,"href":"https:\/\/vps181.cesvima.upm.es\/usvk-ebvk-2017\/wp-json\/wp\/v2\/comments?post=338"}],"version-history":[{"count":0,"href":"https:\/\/vps181.cesvima.upm.es\/usvk-ebvk-2017\/wp-json\/wp\/v2\/posts\/338\/revisions"}],"wp:attachment":[{"href":"https:\/\/vps181.cesvima.upm.es\/usvk-ebvk-2017\/wp-json\/wp\/v2\/media?parent=338"}],"wp:term":[{"taxonomy":"category","embeddable":true,"href":"https:\/\/vps181.cesvima.upm.es\/usvk-ebvk-2017\/wp-json\/wp\/v2\/categories?post=338"},{"taxonomy":"post_tag","embeddable":true,"href":"https:\/\/vps181.cesvima.upm.es\/usvk-ebvk-2017\/wp-json\/wp\/v2\/tags?post=338"},{"taxonomy":"author","embeddable":true,"href":"https:\/\/vps181.cesvima.upm.es\/usvk-ebvk-2017\/wp-json\/wp\/v2\/coauthors?post=338"}],"curies":[{"name":"wp","href":"https:\/\/api.w.org\/{rel}","templated":true}]}}