{"id":815,"date":"2018-10-09T09:15:59","date_gmt":"2018-10-09T09:15:59","guid":{"rendered":"http:\/\/www.aq.upm.es\/giaus\/usvk2\/?p=815"},"modified":"2018-10-09T09:15:59","modified_gmt":"2018-10-09T09:15:59","slug":"identidades","status":"publish","type":"post","link":"https:\/\/vps181.cesvima.upm.es\/usvk2018\/2018\/10\/09\/identidades\/","title":{"rendered":"Identidad colectiva e identidades compartidas"},"content":{"rendered":"<p style=\"text-align: right\"><span style=\"color: #800000\"><strong>Isabel Gonz\u00e1lez Garc\u00eda y Marta Gayoso Heredia (UPM)<\/strong><\/span><\/p>\n<p style=\"text-align: justify\">La tendencia a la desigualdad es una constante a lo largo de la historia de la ciudad y resulta inseparable de ella. De hecho, la desigualdad ha pasado a ser considerada uno de los mayores retos de las \u00e1reas urbanas contempor\u00e1neas. En los \u00faltimos a\u00f1os se ha detectado, adem\u00e1s, que esta desigualdad va pareja a una creciente segregaci\u00f3n social que unida a la fragmentaci\u00f3n funcional (segregaci\u00f3n de los usos en la ciudad, hipertrofia de las infraestructuras de movilidad) configura un espacio urbano en creciente simplificaci\u00f3n: mosaico de piezas segregadas social y funcionalmente. Incluso el discurso oficial pol\u00edtico y administrativo asume ese reto en cierta medida al incluir entre los objetivos de sus pol\u00edticas p\u00fablicas la necesidad de implementar medidas encaminadas a paliar, al menos sectorialmente, estos efectos. Sin embargo, la acci\u00f3n p\u00fablica por si sola no parece suficiente para plantear alternativas a este modelo. En paralelo a lo anterior, la ciudadan\u00eda exige una mayor presencia y participaci\u00f3n real en la construcci\u00f3n de alternativas. Nuevas formas de participaci\u00f3n han ido apareciendo vinculadas al desarrollo tecnol\u00f3gico y a la explosi\u00f3n de la sociedad de la informaci\u00f3n y de las redes sociales. Sin embargo, la experiencia acumulada durante a\u00f1os por los diversos colectivos sociales supone un importante bagaje de conocimiento de incalculable valor que es necesario poner en valor, dar a conocer e utilizar para la construcci\u00f3n colectiva de una alternativa posible m\u00e1s inclusiva y socialmente m\u00e1s justa.<\/p>\n<p style=\"text-align: justify\">El objetivo principal del curso ser\u00e1 reflexionar sobre los retos sociales m\u00e1s desafiantes de nuestros barrios vinculados fundamentalmente a la exclusi\u00f3n y la segregaci\u00f3n de los colectivos sociales m\u00e1s vulnerables y las alternativas que deber\u00e1n construirse con la participaci\u00f3n real de la ciudadan\u00eda desde el di\u00e1logo, la transferencia de informaci\u00f3n y el conocimiento colaborativo.<\/p>\n<p><span style=\"color: #800000\"><strong>M\u00c1S INFORMACI\u00d3N<\/strong><\/span><br \/>\n<span style=\"color: #800000\"><a style=\"color: #800000;text-decoration: underline\" href=\"https:\/\/vps181.cesvima.upm.es\/usvk2018\/wp-content\/uploads\/sites\/5\/2018\/10\/2018-10-02Curso-3_Identidad-colectiva.pdf\" target=\"_blank\" rel=\"noopener noreferrer\">Dossier del curso<\/a><\/span><\/p>\n<p><span style=\"color: #800000\"><strong>HORARIO CURSO \u00abIDENTIDAD COLECTIVA E IDENTIDADES COMPARTIDAS\u00bb<\/strong><\/span><\/p>\n<p><img loading=\"lazy\" decoding=\"async\" class=\"alignleft size-full wp-image-873\" src=\"https:\/\/vps181.cesvima.upm.es\/usvk2018\/wp-content\/uploads\/sites\/5\/2018\/10\/CursoIdentidades.jpg\" alt=\"\" width=\"2044\" height=\"2803\" srcset=\"https:\/\/vps181.cesvima.upm.es\/usvk2018\/wp-content\/uploads\/sites\/5\/2018\/10\/CursoIdentidades.jpg 2044w, https:\/\/vps181.cesvima.upm.es\/usvk2018\/wp-content\/uploads\/sites\/5\/2018\/10\/CursoIdentidades-219x300.jpg 219w, https:\/\/vps181.cesvima.upm.es\/usvk2018\/wp-content\/uploads\/sites\/5\/2018\/10\/CursoIdentidades-768x1053.jpg 768w, https:\/\/vps181.cesvima.upm.es\/usvk2018\/wp-content\/uploads\/sites\/5\/2018\/10\/CursoIdentidades-747x1024.jpg 747w\" sizes=\"auto, (max-width: 2044px) 100vw, 2044px\" \/><\/p>\n","protected":false},"excerpt":{"rendered":"<p>Isabel Gonz\u00e1lez Garc\u00eda y Marta Gayoso Heredia (UPM) La tendencia a la desigualdad es una constante a lo largo de la historia de la ciudad y resulta inseparable de ella. De hecho, la desigualdad ha pasado a ser considerada uno de los mayores retos de las \u00e1reas urbanas contempor\u00e1neas. En los \u00faltimos a\u00f1os se ha [&hellip;]<\/p>\n","protected":false},"author":1,"featured_media":937,"comment_status":"open","ping_status":"open","sticky":false,"template":"","format":"standard","meta":{"_genesis_hide_title":false,"_genesis_hide_breadcrumbs":false,"_genesis_hide_singular_image":false,"_genesis_hide_footer_widgets":false,"_genesis_custom_body_class":"","_genesis_custom_post_class":"","_genesis_layout":"","_jetpack_memberships_contains_paid_content":false,"footnotes":""},"categories":[3,6],"tags":[16],"coauthors":[],"class_list":{"0":"post-815","1":"post","2":"type-post","3":"status-publish","4":"format-standard","5":"has-post-thumbnail","7":"category-cursos-2018","8":"category-universidad-social-2018","9":"tag-cursos-usvk-2017-2","10":"entry"},"aioseo_notices":[],"jetpack_featured_media_url":"https:\/\/vps181.cesvima.upm.es\/usvk2018\/wp-content\/uploads\/sites\/5\/2018\/10\/Identidades.jpg","jetpack_sharing_enabled":true,"_links":{"self":[{"href":"https:\/\/vps181.cesvima.upm.es\/usvk2018\/wp-json\/wp\/v2\/posts\/815","targetHints":{"allow":["GET"]}}],"collection":[{"href":"https:\/\/vps181.cesvima.upm.es\/usvk2018\/wp-json\/wp\/v2\/posts"}],"about":[{"href":"https:\/\/vps181.cesvima.upm.es\/usvk2018\/wp-json\/wp\/v2\/types\/post"}],"author":[{"embeddable":true,"href":"https:\/\/vps181.cesvima.upm.es\/usvk2018\/wp-json\/wp\/v2\/users\/1"}],"replies":[{"embeddable":true,"href":"https:\/\/vps181.cesvima.upm.es\/usvk2018\/wp-json\/wp\/v2\/comments?post=815"}],"version-history":[{"count":0,"href":"https:\/\/vps181.cesvima.upm.es\/usvk2018\/wp-json\/wp\/v2\/posts\/815\/revisions"}],"wp:featuredmedia":[{"embeddable":true,"href":"https:\/\/vps181.cesvima.upm.es\/usvk2018\/wp-json\/wp\/v2\/media\/937"}],"wp:attachment":[{"href":"https:\/\/vps181.cesvima.upm.es\/usvk2018\/wp-json\/wp\/v2\/media?parent=815"}],"wp:term":[{"taxonomy":"category","embeddable":true,"href":"https:\/\/vps181.cesvima.upm.es\/usvk2018\/wp-json\/wp\/v2\/categories?post=815"},{"taxonomy":"post_tag","embeddable":true,"href":"https:\/\/vps181.cesvima.upm.es\/usvk2018\/wp-json\/wp\/v2\/tags?post=815"},{"taxonomy":"author","embeddable":true,"href":"https:\/\/vps181.cesvima.upm.es\/usvk2018\/wp-json\/wp\/v2\/coauthors?post=815"}],"curies":[{"name":"wp","href":"https:\/\/api.w.org\/{rel}","templated":true}]}}